{"id":173810,"date":"2020-06-11T13:47:10","date_gmt":"2020-06-11T16:47:10","guid":{"rendered":"https:\/\/www.caririemacao.com\/1\/?p=173810"},"modified":"2020-06-11T13:47:10","modified_gmt":"2020-06-11T16:47:10","slug":"bonner-e-renata-vasconcellos-pedem-paz-apos-homem-invadir-tv-globo-e-fazer-reporter-refem-paz-gente","status":"publish","type":"post","link":"https:\/\/www.caririemacao.com\/1\/2020\/06\/11\/bonner-e-renata-vasconcellos-pedem-paz-apos-homem-invadir-tv-globo-e-fazer-reporter-refem-paz-gente\/","title":{"rendered":"Bonner e Renata Vasconcellos pedem paz ap\u00f3s homem invadir TV Globo e fazer rep\u00f3rter ref\u00e9m: &#8220;paz, gente&#8221;"},"content":{"rendered":"\n<h1 class=\"wp-block-heading\"><\/h1>\n\n\n\n<p>Os apresentadores Wiliam Bonner e Renata Vasconcellos pediram&nbsp;paz, no encerramento do Jornal Nacional dessa quarta-feira (10). Bonner relatou o caso do homem que invadiu a sede da TV Globo no Rio de Janeiro e rendeu a rep\u00f3rter Marina Ara\u00fajo.<\/p>\n\n\n\n<p>O homem queria ver Renata Vasconcellos. Ela foi at\u00e9 o local onde ele rendia Marina Ara\u00fajo com uma faca e, ent\u00e3o, o invasor soltou a ref\u00e9m e foi preso pela Pol\u00edcia Militar, a qual foi elogiada por Bonner. Depois disso, as duas foram recebidas na reda\u00e7\u00e3o do jornalismo da Globo com emo\u00e7\u00e3o, segundo narrou o jornalista.<\/p>\n\n\n\n<p>Ap\u00f3s relatar o caso, Bonner disse: &#8220;N\u00e3o foi um anivers\u00e1rio tranquilo, n\u00e9, Renata? Mas o fato mais importante \u00e9 que a Marina est\u00e1 bem e voc\u00ea est\u00e1 bem. E vida que segue.&#8221;<\/p>\n\n\n\n<p><strong>Saiba mais<\/strong><\/p>\n\n\n\n<p><a href=\"https:\/\/www.clickpb.com.br\/televisao\/video-reporter-da-globo-e-mantida-refem-na-sede-da-emissora-no-rio-de-janeiro-285595.html\">V\u00eddeo: Rep\u00f3rter da Globo \u00e9 mantida ref\u00e9m na sede da emissora no RJ por homem a procura de Renata Vasconcellos<\/a><\/p>\n\n\n\n<p>Renata respondeu dizendo: &#8220;\u00c9 isso, vida que segue. Desejo a todos paz. Boa noite.&#8221;<\/p>\n\n\n\n<p>Bonner replicou. &#8220;Paz, gente. Boa noite e bom feriado.&#8221;<\/p>\n","protected":false},"excerpt":{"rendered":"<p>Os apresentadores Wiliam Bonner e Renata Vasconcellos pediram&nbsp;paz, no encerramento do Jornal Nacional dessa quarta-feira (10). Bonner relatou o caso do homem que invadiu a&hellip; <\/p>\n","protected":false},"author":2,"featured_media":173811,"comment_status":"closed","ping_status":"closed","sticky":false,"template":"","format":"standard","meta":{"sfsi_plus_gutenberg_text_before_share":"","sfsi_plus_gutenberg_show_text_before_share":"","sfsi_plus_gutenberg_icon_type":"","sfsi_plus_gutenberg_icon_alignemt":"","sfsi_plus_gutenburg_max_per_row":"","footnotes":""},"categories":[2],"tags":[],"class_list":["post-173810","post","type-post","status-publish","format-standard","has-post-thumbnail","hentry","category-geral"],"_links":{"self":[{"href":"https:\/\/www.caririemacao.com\/1\/wp-json\/wp\/v2\/posts\/173810","targetHints":{"allow":["GET"]}}],"collection":[{"href":"https:\/\/www.caririemacao.com\/1\/wp-json\/wp\/v2\/posts"}],"about":[{"href":"https:\/\/www.caririemacao.com\/1\/wp-json\/wp\/v2\/types\/post"}],"author":[{"embeddable":true,"href":"https:\/\/www.caririemacao.com\/1\/wp-json\/wp\/v2\/users\/2"}],"replies":[{"embeddable":true,"href":"https:\/\/www.caririemacao.com\/1\/wp-json\/wp\/v2\/comments?post=173810"}],"version-history":[{"count":1,"href":"https:\/\/www.caririemacao.com\/1\/wp-json\/wp\/v2\/posts\/173810\/revisions"}],"predecessor-version":[{"id":173812,"href":"https:\/\/www.caririemacao.com\/1\/wp-json\/wp\/v2\/posts\/173810\/revisions\/173812"}],"wp:featuredmedia":[{"embeddable":true,"href":"https:\/\/www.caririemacao.com\/1\/wp-json\/wp\/v2\/media\/173811"}],"wp:attachment":[{"href":"https:\/\/www.caririemacao.com\/1\/wp-json\/wp\/v2\/media?parent=173810"}],"wp:term":[{"taxonomy":"category","embeddable":true,"href":"https:\/\/www.caririemacao.com\/1\/wp-json\/wp\/v2\/categories?post=173810"},{"taxonomy":"post_tag","embeddable":true,"href":"https:\/\/www.caririemacao.com\/1\/wp-json\/wp\/v2\/tags?post=173810"}],"curies":[{"name":"wp","href":"https:\/\/api.w.org\/{rel}","templated":true}]}}