{"id":173814,"date":"2020-06-11T13:50:40","date_gmt":"2020-06-11T16:50:40","guid":{"rendered":"https:\/\/www.caririemacao.com\/1\/?p=173814"},"modified":"2020-06-11T13:50:40","modified_gmt":"2020-06-11T16:50:40","slug":"bolsonaro-prometeu-15-ministerios-anuncia-o-23o-e-prepara-o-24o","status":"publish","type":"post","link":"https:\/\/www.caririemacao.com\/1\/2020\/06\/11\/bolsonaro-prometeu-15-ministerios-anuncia-o-23o-e-prepara-o-24o\/","title":{"rendered":"Bolsonaro prometeu 15 minist\u00e9rios; anuncia o 23\u00ba e prepara o 24\u00ba"},"content":{"rendered":"\n<p><ins><\/ins><\/p>\n\n\n\n<h1 class=\"wp-block-heading\"><\/h1>\n\n\n\n<p>Para o posto de novo ministro, Bolsonaro nomear\u00e1 o&nbsp;<a href=\"https:\/\/paraibaonline.com.br\/2020\/06\/bolsonaro-recria-ministerio-e-entrega-comando-ao-genro-de-silvio-santos\/\">deputado F\u00e1bio Faria<\/a>&nbsp;(PSD-RN). Casado com a apresentadora Patr\u00edcia Abravanel, ele \u00e9 genro de Silvio Santos, dono da rede de televis\u00e3o SBT.<\/p>\n\n\n\n<p>A pasta de Ci\u00eancia e Tecnologia \u00e9 comandada pelo astronauta Marcos Pontes e vinha sendo alvo da cobi\u00e7a de legendas do centr\u00e3o, que passaram a apoiar o governo Bolsonaro. O PSD \u00e9 presidido pelo ex-prefeito de S\u00e3o Paulo, Gilberto Kassab.<\/p>\n\n\n\n<p>Com isso, o governo Bolsonaro passa a ter 23 ministros, 8 a mais do que os 15 prometidos durante a campanha eleitoral. O 24\u00ba minist\u00e9rio pode ser criado ainda neste ano, com o desmembramento do Minist\u00e9rio da Justi\u00e7a e a cria\u00e7\u00e3o da pasta da Seguran\u00e7a P\u00fablica.<\/p>\n\n\n\n<p>Sob a gest\u00e3o de Michel Temer (MDB), eram 29 minist\u00e9rios. Sete deixaram de existir: Seguran\u00e7a P\u00fablica, Desenvolvimento Social, Trabalho, Cultura, MDIC (Minist\u00e9rio do Desenvolvimento, Ind\u00fastria e Com\u00e9rcio Exterior), Planejamento, Esporte, Integra\u00e7\u00e3o Nacional e Cidades.<\/p>\n\n\n\n<p>Algumas dessas pastas foram fundidas com outras, caso de Justi\u00e7a e Seguran\u00e7a P\u00fablica, e outras, rebatizadas, como Transporte, que ganhou o nome de Infraestrutura. Foram criados ainda dois minist\u00e9rios, como Cidadania (que unificou Desenvolvimento Social, Esporte, Cultura e parte do Trabalho) e Desenvolvimento Regional (Integra\u00e7\u00e3o Nacional e Cidades).<\/p>\n\n\n\n<p>RELEMBRE DECLARA\u00c7\u00d5ES DE BOLSONARO<br>N\u00e3o fazer indica\u00e7\u00f5es pol\u00edticas<br>\u201cN\u00e3o vai ter mais indica\u00e7\u00e3o pro BNDES, Banco do Brasil, Caixa Econ\u00f4mica, Banco da Amaz\u00f4nia, Banco do Nordeste, com esse crit\u00e9rio: botar l\u00e1 indica\u00e7\u00e3o de um amigo pra que use a institui\u00e7\u00e3o pra causa pr\u00f3pria.\u201d<br>Entrevista \u00e0 Jovem Pan, em 24.set.2018<\/p>\n\n\n\n<p>Reduzir n\u00famero de minist\u00e9rios (m\u00e1ximo de 15)<br>\u201cAssumi compromisso de reduzir n\u00famero de minist\u00e9rios, extinguir e privatizar grande parte das estatais que hoje existem.\u201d<br>Twitter, em 23.set.2018<\/p>\n\n\n\n<p>\u201cN\u00f3s diminuiremos o tamanho do Estado. Teremos no m\u00e1ximo 15 minist\u00e9rios, de aproximadamente 150 estatais no primeiro ano no minimo 50 ou n\u00f3s privatizamos ou n\u00f3s extinguimos.\u201d<br>Live nas redes sociais, em 7.out.2018<\/p>\n\n\n\n<p>Gigantes do chamado centr\u00e3o, como PP, PL e Republicanos, est\u00e3o gerenciando a distribui\u00e7\u00e3o de cargos do governo federal para atrair partidos menores para a base de apoio de Bolsonaro no Congresso.<\/p>\n\n\n\n<p>Eleito com a promessa de acabar com o que chama de \u201cvelha pol\u00edtica\u201d, moldada no toma l\u00e1 d\u00e1 c\u00e1, o presidente iniciou nas \u00faltimas semanas negocia\u00e7\u00f5es com o novo centr\u00e3o.<\/p>\n\n\n\n<p>O \u201ctoma l\u00e1\u201d s\u00e3o os v\u00e1rios cargos de segundo e terceiro escal\u00e3o da m\u00e1quina federal, postos cobi\u00e7ados por caciques partid\u00e1rios para manter seu grau de influ\u00eancia em Bras\u00edlia e nos estados. O \u201cd\u00e1 c\u00e1\u201d \u00e9 uma base de apoio m\u00ednima no Congresso para, mais do que aprovar projetos de seu interesse, evitar a abertura de um poss\u00edvel processo de impeachment.<\/p>\n\n\n\n<p>Para se ver fora da cadeira presidencial, Bolsonaro precisa ter ao menos 342 dos 513 deputados contra ele e um clima prop\u00edcio \u00e0 destitui\u00e7\u00e3o \u2013 com economia em frangalhos e tens\u00e3o nas ruas, por exemplo.<\/p>\n\n\n\n<p>L\u00edderes de partidos do chamado centr\u00e3o afirmam que Bolsonaro enquadrou ministros que resistiam em ceder cargos de suas pastas ao grupo, deixando claro que quem se opuser pode ser demitido do governo.<\/p>\n","protected":false},"excerpt":{"rendered":"<p>Para o posto de novo ministro, Bolsonaro nomear\u00e1 o&nbsp;deputado F\u00e1bio Faria&nbsp;(PSD-RN). Casado com a apresentadora Patr\u00edcia Abravanel, ele \u00e9 genro de Silvio Santos, dono da&hellip; <\/p>\n","protected":false},"author":2,"featured_media":173815,"comment_status":"closed","ping_status":"closed","sticky":false,"template":"","format":"standard","meta":{"sfsi_plus_gutenberg_text_before_share":"","sfsi_plus_gutenberg_show_text_before_share":"","sfsi_plus_gutenberg_icon_type":"","sfsi_plus_gutenberg_icon_alignemt":"","sfsi_plus_gutenburg_max_per_row":"","footnotes":""},"categories":[11],"tags":[],"class_list":["post-173814","post","type-post","status-publish","format-standard","has-post-thumbnail","hentry","category-politica"],"_links":{"self":[{"href":"https:\/\/www.caririemacao.com\/1\/wp-json\/wp\/v2\/posts\/173814","targetHints":{"allow":["GET"]}}],"collection":[{"href":"https:\/\/www.caririemacao.com\/1\/wp-json\/wp\/v2\/posts"}],"about":[{"href":"https:\/\/www.caririemacao.com\/1\/wp-json\/wp\/v2\/types\/post"}],"author":[{"embeddable":true,"href":"https:\/\/www.caririemacao.com\/1\/wp-json\/wp\/v2\/users\/2"}],"replies":[{"embeddable":true,"href":"https:\/\/www.caririemacao.com\/1\/wp-json\/wp\/v2\/comments?post=173814"}],"version-history":[{"count":1,"href":"https:\/\/www.caririemacao.com\/1\/wp-json\/wp\/v2\/posts\/173814\/revisions"}],"predecessor-version":[{"id":173816,"href":"https:\/\/www.caririemacao.com\/1\/wp-json\/wp\/v2\/posts\/173814\/revisions\/173816"}],"wp:featuredmedia":[{"embeddable":true,"href":"https:\/\/www.caririemacao.com\/1\/wp-json\/wp\/v2\/media\/173815"}],"wp:attachment":[{"href":"https:\/\/www.caririemacao.com\/1\/wp-json\/wp\/v2\/media?parent=173814"}],"wp:term":[{"taxonomy":"category","embeddable":true,"href":"https:\/\/www.caririemacao.com\/1\/wp-json\/wp\/v2\/categories?post=173814"},{"taxonomy":"post_tag","embeddable":true,"href":"https:\/\/www.caririemacao.com\/1\/wp-json\/wp\/v2\/tags?post=173814"}],"curies":[{"name":"wp","href":"https:\/\/api.w.org\/{rel}","templated":true}]}}