{"id":173826,"date":"2020-06-11T14:04:26","date_gmt":"2020-06-11T17:04:26","guid":{"rendered":"https:\/\/www.caririemacao.com\/1\/?p=173826"},"modified":"2020-06-11T14:04:26","modified_gmt":"2020-06-11T17:04:26","slug":"europa-proibira-entrada-de-brasileiros-enquanto-coronavirus-nao-estiver-controlado","status":"publish","type":"post","link":"https:\/\/www.caririemacao.com\/1\/2020\/06\/11\/europa-proibira-entrada-de-brasileiros-enquanto-coronavirus-nao-estiver-controlado\/","title":{"rendered":"Europa proibir\u00e1 entrada de brasileiros enquanto coronav\u00edrus n\u00e3o estiver controlado"},"content":{"rendered":"\n<h3 class=\"wp-block-heading\"><\/h3>\n\n\n\n<p><\/p>\n\n\n\n<hr class=\"wp-block-separator\"\/>\n\n\n\n<p>Pa\u00edses da Europa proibir\u00e3o em seus territ\u00f3rios a entrada de pessoas que partam de locais com descontrole em rela\u00e7\u00e3o \u00e0 pandemia de Covid-19. A medida entrar\u00e1 em vigor no dia 1 de julho, conforme divulgou nesta quinta-feira (11) a Comiss\u00e3o Europeia.<\/p>\n\n\n\n<p>A lista de pa\u00edses que ter\u00e3o acesso \u00e0 Europa ser\u00e1 feita a partir desta quinta-feira. Residentes do Brasil n\u00e3o poder\u00e3o entrar em \u00e1rea europeia at\u00e9 controlar o avan\u00e7o do coronav\u00edrus.<\/p>\n\n\n\n<p>\u201cComo a situa\u00e7\u00e3o da sa\u00fade em certos pa\u00edses terceiros permanece cr\u00edtica, a Comiss\u00e3o n\u00e3o prop\u00f5e um levantamento geral da restri\u00e7\u00e3o de viagens nesta fase. A restri\u00e7\u00e3o deve ser levantada para os pa\u00edses selecionados com base em um conjunto de princ\u00edpios e crit\u00e9rios objetivos\u201d, diz comunicado da Uni\u00e3o Europeia.<\/p>\n","protected":false},"excerpt":{"rendered":"<p>Pa\u00edses da Europa proibir\u00e3o em seus territ\u00f3rios a entrada de pessoas que partam de locais com descontrole em rela\u00e7\u00e3o \u00e0 pandemia de Covid-19. A medida&hellip; <\/p>\n","protected":false},"author":2,"featured_media":173827,"comment_status":"closed","ping_status":"closed","sticky":false,"template":"","format":"standard","meta":{"sfsi_plus_gutenberg_text_before_share":"","sfsi_plus_gutenberg_show_text_before_share":"","sfsi_plus_gutenberg_icon_type":"","sfsi_plus_gutenberg_icon_alignemt":"","sfsi_plus_gutenburg_max_per_row":"","footnotes":""},"categories":[2],"tags":[],"class_list":["post-173826","post","type-post","status-publish","format-standard","has-post-thumbnail","hentry","category-geral"],"_links":{"self":[{"href":"https:\/\/www.caririemacao.com\/1\/wp-json\/wp\/v2\/posts\/173826","targetHints":{"allow":["GET"]}}],"collection":[{"href":"https:\/\/www.caririemacao.com\/1\/wp-json\/wp\/v2\/posts"}],"about":[{"href":"https:\/\/www.caririemacao.com\/1\/wp-json\/wp\/v2\/types\/post"}],"author":[{"embeddable":true,"href":"https:\/\/www.caririemacao.com\/1\/wp-json\/wp\/v2\/users\/2"}],"replies":[{"embeddable":true,"href":"https:\/\/www.caririemacao.com\/1\/wp-json\/wp\/v2\/comments?post=173826"}],"version-history":[{"count":1,"href":"https:\/\/www.caririemacao.com\/1\/wp-json\/wp\/v2\/posts\/173826\/revisions"}],"predecessor-version":[{"id":173828,"href":"https:\/\/www.caririemacao.com\/1\/wp-json\/wp\/v2\/posts\/173826\/revisions\/173828"}],"wp:featuredmedia":[{"embeddable":true,"href":"https:\/\/www.caririemacao.com\/1\/wp-json\/wp\/v2\/media\/173827"}],"wp:attachment":[{"href":"https:\/\/www.caririemacao.com\/1\/wp-json\/wp\/v2\/media?parent=173826"}],"wp:term":[{"taxonomy":"category","embeddable":true,"href":"https:\/\/www.caririemacao.com\/1\/wp-json\/wp\/v2\/categories?post=173826"},{"taxonomy":"post_tag","embeddable":true,"href":"https:\/\/www.caririemacao.com\/1\/wp-json\/wp\/v2\/tags?post=173826"}],"curies":[{"name":"wp","href":"https:\/\/api.w.org\/{rel}","templated":true}]}}