{"id":173829,"date":"2020-06-11T14:07:58","date_gmt":"2020-06-11T17:07:58","guid":{"rendered":"https:\/\/www.caririemacao.com\/1\/?p=173829"},"modified":"2020-06-11T14:07:58","modified_gmt":"2020-06-11T17:07:58","slug":"mapeamento-propoe-estrategias-locais-para-enfrentar-covid-19","status":"publish","type":"post","link":"https:\/\/www.caririemacao.com\/1\/2020\/06\/11\/mapeamento-propoe-estrategias-locais-para-enfrentar-covid-19\/","title":{"rendered":"Mapeamento prop\u00f5e estrat\u00e9gias locais para enfrentar covid-19"},"content":{"rendered":"\n<h2 class=\"wp-block-heading\"><\/h2>\n\n\n\n<p>A dissemina\u00e7\u00e3o da pandemia de covid-19 na cidade de S\u00e3o Paulo acontece de forma distinta nas dezenas de bairros, mostra o mapeamento feito pelo Laborat\u00f3rio Espa\u00e7o P\u00fablico e Direito \u00e0 Cidade (LabCidade) da Faculdade de Arquitetura e Urbanismo da Universidade de S\u00e3o Paulo (USP).<img decoding=\"async\" data-src=\"https:\/\/agenciabrasil.ebc.com.br\/ebc.png?id=1309280&amp;o=node\" src=\"data:image\/svg+xml;base64,PHN2ZyB3aWR0aD0iMSIgaGVpZ2h0PSIxIiB4bWxucz0iaHR0cDovL3d3dy53My5vcmcvMjAwMC9zdmciPjwvc3ZnPg==\" class=\"lazyload\"><\/p>\n\n\n\n<p>O estudo que observa as hospitaliza\u00e7\u00f5es e mortes pela doen\u00e7a rua a rua indica que o v\u00edrus atinge de formas diferentes cada regi\u00e3o, mesmo na compara\u00e7\u00e3o entre bairros com caracter\u00edsticas semelhantes, e prop\u00f5e que as pol\u00edticas e medidas de conten\u00e7\u00e3o ao novo coronav\u00edrus sejam tomadas em escala menor, de forma localizada, dentro dos distritos da capital paulistana.<\/p>\n\n\n\n<p>\u201cTem favela que tem [muitos casos]? Tem. Tem favela que n\u00e3o tem? Tem\u201d, diz o pesquisador do LabCidade Alu\u00edzio Marino a respeito do que o cruzamento de dados feito pelo grupo tem mostrado.<\/p>\n\n\n\n<p>Os pesquisadores usaram uma base de dados disponibilizada pelo Minist\u00e9rio da Sa\u00fade que mostra as interna\u00e7\u00f5es por S\u00edndrome Respirat\u00f3ria Aguda Grave (SRAG) por CEP residencial. Assim, os mapas mostram n\u00e3o s\u00f3 o n\u00famero de casos da doen\u00e7a por regi\u00e3o, mas por rua de ocorr\u00eancia, assim como as mortes relacionadas.<\/p>\n\n\n\n<h2 class=\"wp-block-heading\">M\u00faltiplos fatores<\/h2>\n\n\n\n<p>A an\u00e1lise indica a exist\u00eancia de m\u00faltiplos fatores que levam \u00e0 dissemina\u00e7\u00e3o da doen\u00e7a em determinados locais. \u201cN\u00e3o \u00e9 s\u00f3 densidade habitacional. N\u00e3o \u00e9 s\u00f3 precaridade habitacional\u201d, enfatiza Marino ao falar sobre a necessidade de evitar discursos e conclus\u00f5es pr\u00e9-estabelecidas. \u201cInclusive, porque esses discursos foram muito usados desde a d\u00e9cada de 1960 at\u00e9&nbsp;hoje&nbsp;para remover favelas e corti\u00e7os\u201d, lembra.<\/p>\n\n\n\n<p>O pesquisador destaca a import\u00e2ncia de olhar para al\u00e9m das simplifica\u00e7\u00f5es (centro e periferia) e para dentro das divis\u00f5es regionais administrativas, como as prefeituras regionais da capital paulista.<\/p>\n\n\n\n<p>&#8220;Brasil\u00e2ndia tem a popula\u00e7\u00e3o de uma cidade de m\u00e9dio porte. Se voc\u00ea pegar os dados s\u00f3 por Brasil\u00e2ndia, dizem pouca coisa. Aonde em Brasil\u00e2ndia?&#8221;, questiona&nbsp;o pesquisador fazendo refer\u00eancia ao distrito paulistano com maior propor\u00e7\u00e3o de casos e&nbsp;onde vivem 260 mil pessoas com diversas realidades econ\u00f4micas e sociais.<\/p>\n\n\n\n<p>\u201cN\u00e3o \u00e9 s\u00f3 uma rela\u00e7\u00e3o centro e periferia. No centro a gente tem lugares muito distintos, como a regi\u00e3o da Luz onde est\u00e1 a Cracol\u00e2ndia, com v\u00e1rias pens\u00f5es e moradores em situa\u00e7\u00e3o de rua\u201d, acrescenta.<\/p>\n\n\n\n<h2 class=\"wp-block-heading\">Mobilidade e centros comerciais<\/h2>\n\n\n\n<p>A partir desses primeiros resultados, o grupo investiga agora outras vari\u00e1veis que podem explicar a distribui\u00e7\u00e3o local da doen\u00e7a. \u201cA gente vai cruzar isso com dados de mobilidade. Cruzar com os dados dos centros comerciais de bairro, ver se tem alguma rela\u00e7\u00e3o entre a presen\u00e7a dos centros comerciais\u201d, diz o pesquisador sobre as possibilidades que ser\u00e3o analisadas com mais dados a partir dos ind\u00edcios fornecidos pelo entrela\u00e7amento das informa\u00e7\u00f5es.<\/p>\n\n\n\n<p>\u201cJ\u00e1 d\u00e1 para perceber uma rela\u00e7\u00e3o muito forte entre o centro comercial do bairro e a presen\u00e7a da covid\u201d, destaca Marino sobre uma das principais hip\u00f3teses. \u201cOnde mais circula gente \u00e9 onde mais est\u00e1 tendo a dissemina\u00e7\u00e3o da doen\u00e7a. Isso por causa da mobilidade\u201d, aponta outro poss\u00edvel fator de contamina\u00e7\u00e3o.<\/p>\n\n\n\n<h2 class=\"wp-block-heading\">A\u00e7\u00f5es com articula\u00e7\u00e3o local<\/h2>\n\n\n\n<p>Isso, poderia indicar, de acordo com o pesquisador, a necessidade de pol\u00edticas que aumentem a seguran\u00e7a do transporte p\u00fablico. \u201cRepensar a pol\u00edtica de mobilidade, tendo um percurso todo protegido. Espa\u00e7os para as pessoas n\u00e3o ficarem aglomeradas, mais \u00f4nibus nas linhas. Isso tem que ser pensado nas linhas onde est\u00e1 mais congestionado o sistema\u201d, prop\u00f5e.<\/p>\n\n\n\n<p>Para conseguir respostas locais eficientes, Marino acredita na import\u00e2ncia do fortalecimento de algumas pol\u00edticas j\u00e1 existentes no Sistema \u00danico de Sa\u00fade (SUS). \u201cAgente de sa\u00fade \u00e9 uma preciosidade do SUS e eles est\u00e3o super sucateados. Tinha que&nbsp;ter&nbsp;pelo menos o dobro de agentes de sa\u00fade na rua, fazendo trabalho de conscientiza\u00e7\u00e3o\u201d, diz.<\/p>\n\n\n\n<p>Outro ponto fundamental, na opini\u00e3o do pesquisador, \u00e9 uma articula\u00e7\u00e3o das pol\u00edticas p\u00fablicas com as organiza\u00e7\u00f5es civis e comunit\u00e1rias nos territ\u00f3rios. \u201cSentar com as lideran\u00e7as comunit\u00e1rias para identificar quem n\u00e3o consegue se isolar\u201d, exemplifica sobre medidas que poderiam melhorar a efici\u00eancia do isolamento social, norma dif\u00edcil de ser adotada por pessoas com renda inst\u00e1vel e moradia prec\u00e1ria.<\/p>\n","protected":false},"excerpt":{"rendered":"<p>A dissemina\u00e7\u00e3o da pandemia de covid-19 na cidade de S\u00e3o Paulo acontece de forma distinta nas dezenas de bairros, mostra o mapeamento feito pelo Laborat\u00f3rio&hellip; <\/p>\n","protected":false},"author":2,"featured_media":173830,"comment_status":"closed","ping_status":"closed","sticky":false,"template":"","format":"standard","meta":{"sfsi_plus_gutenberg_text_before_share":"","sfsi_plus_gutenberg_show_text_before_share":"","sfsi_plus_gutenberg_icon_type":"","sfsi_plus_gutenberg_icon_alignemt":"","sfsi_plus_gutenburg_max_per_row":"","footnotes":""},"categories":[2],"tags":[],"class_list":["post-173829","post","type-post","status-publish","format-standard","has-post-thumbnail","hentry","category-geral"],"_links":{"self":[{"href":"https:\/\/www.caririemacao.com\/1\/wp-json\/wp\/v2\/posts\/173829","targetHints":{"allow":["GET"]}}],"collection":[{"href":"https:\/\/www.caririemacao.com\/1\/wp-json\/wp\/v2\/posts"}],"about":[{"href":"https:\/\/www.caririemacao.com\/1\/wp-json\/wp\/v2\/types\/post"}],"author":[{"embeddable":true,"href":"https:\/\/www.caririemacao.com\/1\/wp-json\/wp\/v2\/users\/2"}],"replies":[{"embeddable":true,"href":"https:\/\/www.caririemacao.com\/1\/wp-json\/wp\/v2\/comments?post=173829"}],"version-history":[{"count":1,"href":"https:\/\/www.caririemacao.com\/1\/wp-json\/wp\/v2\/posts\/173829\/revisions"}],"predecessor-version":[{"id":173831,"href":"https:\/\/www.caririemacao.com\/1\/wp-json\/wp\/v2\/posts\/173829\/revisions\/173831"}],"wp:featuredmedia":[{"embeddable":true,"href":"https:\/\/www.caririemacao.com\/1\/wp-json\/wp\/v2\/media\/173830"}],"wp:attachment":[{"href":"https:\/\/www.caririemacao.com\/1\/wp-json\/wp\/v2\/media?parent=173829"}],"wp:term":[{"taxonomy":"category","embeddable":true,"href":"https:\/\/www.caririemacao.com\/1\/wp-json\/wp\/v2\/categories?post=173829"},{"taxonomy":"post_tag","embeddable":true,"href":"https:\/\/www.caririemacao.com\/1\/wp-json\/wp\/v2\/tags?post=173829"}],"curies":[{"name":"wp","href":"https:\/\/api.w.org\/{rel}","templated":true}]}}