{"id":173836,"date":"2020-06-12T06:19:21","date_gmt":"2020-06-12T09:19:21","guid":{"rendered":"https:\/\/www.caririemacao.com\/1\/?p=173836"},"modified":"2020-06-12T06:19:21","modified_gmt":"2020-06-12T09:19:21","slug":"saiba-as-diferencas-dos-sintomas-entre-dengue-e-covid-19","status":"publish","type":"post","link":"https:\/\/www.caririemacao.com\/1\/2020\/06\/12\/saiba-as-diferencas-dos-sintomas-entre-dengue-e-covid-19\/","title":{"rendered":"Saiba as diferen\u00e7as dos sintomas entre dengue e Covid-19"},"content":{"rendered":"\n<p>O m\u00e9dico endocrinologista Rodolfo Igor comentou nesta quinta-feira (11), durante entrevista concedida a uma emissora de r\u00e1dio local, sobre a dengue.<\/p>\n\n\n\n<p>A dengue \u00e9 uma doen\u00e7a transmitida pela picada do mosquito&nbsp;Aedes aegypti.<\/p>\n\n\n\n<p>\u2013 Estamos percebendo um aumento exponencial no n\u00famero de casos de dengue. O ac\u00famulo de \u00e1gua e a mudan\u00e7a de clima faz com que o mosquito se prolifere mais. Temos que levar em considera\u00e7\u00e3o todas as chamadas arboviroses, que s\u00e3o as doen\u00e7as causadas pelo arbov\u00edrus \u2013 destacou.<\/p>\n\n\n\n<p>Diante da pandemia do coronav\u00edrus, algumas pessoas que apresentam sintomas da dengue podem pensar que foram infectadas pelo novo coronav\u00edrus. Entretanto, o m\u00e9dico destacou os principais sintomas da dengue.<\/p>\n\n\n\n<p>\u2013 Existem alguns sintomas que diferem essas doen\u00e7as, mas outros que s\u00e3o muito comuns como febre e dor no corpo. \u00c9 importante procurar ajuda m\u00e9dica, pois determinadas medica\u00e7\u00f5es que s\u00e3o utilizadas, por exemplo, no tratamento da Covid s\u00e3o prejudiciais no tratamento da dengue. A dengue \u00e9 caracterizada por uma febre bem mais alta, dores musculares muito intensas, manchas pelo corpo, dor nos olhos, falta de apetite e dor de cabe\u00e7a. Em rela\u00e7\u00e3o ao Covid-19, \u00e9 mais caracterizada por sintomas respirat\u00f3rios \u2013 concluiu.<\/p>\n","protected":false},"excerpt":{"rendered":"<p>O m\u00e9dico endocrinologista Rodolfo Igor comentou nesta quinta-feira (11), durante entrevista concedida a uma emissora de r\u00e1dio local, sobre a dengue. A dengue \u00e9 uma&hellip; <\/p>\n","protected":false},"author":2,"featured_media":163650,"comment_status":"closed","ping_status":"closed","sticky":false,"template":"","format":"standard","meta":{"sfsi_plus_gutenberg_text_before_share":"","sfsi_plus_gutenberg_show_text_before_share":"","sfsi_plus_gutenberg_icon_type":"","sfsi_plus_gutenberg_icon_alignemt":"","sfsi_plus_gutenburg_max_per_row":"","footnotes":""},"categories":[50,16],"tags":[],"class_list":["post-173836","post","type-post","status-publish","format-standard","has-post-thumbnail","hentry","category-destaque","category-saude"],"_links":{"self":[{"href":"https:\/\/www.caririemacao.com\/1\/wp-json\/wp\/v2\/posts\/173836","targetHints":{"allow":["GET"]}}],"collection":[{"href":"https:\/\/www.caririemacao.com\/1\/wp-json\/wp\/v2\/posts"}],"about":[{"href":"https:\/\/www.caririemacao.com\/1\/wp-json\/wp\/v2\/types\/post"}],"author":[{"embeddable":true,"href":"https:\/\/www.caririemacao.com\/1\/wp-json\/wp\/v2\/users\/2"}],"replies":[{"embeddable":true,"href":"https:\/\/www.caririemacao.com\/1\/wp-json\/wp\/v2\/comments?post=173836"}],"version-history":[{"count":1,"href":"https:\/\/www.caririemacao.com\/1\/wp-json\/wp\/v2\/posts\/173836\/revisions"}],"predecessor-version":[{"id":173837,"href":"https:\/\/www.caririemacao.com\/1\/wp-json\/wp\/v2\/posts\/173836\/revisions\/173837"}],"wp:featuredmedia":[{"embeddable":true,"href":"https:\/\/www.caririemacao.com\/1\/wp-json\/wp\/v2\/media\/163650"}],"wp:attachment":[{"href":"https:\/\/www.caririemacao.com\/1\/wp-json\/wp\/v2\/media?parent=173836"}],"wp:term":[{"taxonomy":"category","embeddable":true,"href":"https:\/\/www.caririemacao.com\/1\/wp-json\/wp\/v2\/categories?post=173836"},{"taxonomy":"post_tag","embeddable":true,"href":"https:\/\/www.caririemacao.com\/1\/wp-json\/wp\/v2\/tags?post=173836"}],"curies":[{"name":"wp","href":"https:\/\/api.w.org\/{rel}","templated":true}]}}