{"id":173839,"date":"2020-06-12T06:21:38","date_gmt":"2020-06-12T09:21:38","guid":{"rendered":"https:\/\/www.caririemacao.com\/1\/?p=173839"},"modified":"2020-06-12T06:21:38","modified_gmt":"2020-06-12T09:21:38","slug":"secretaria-municipal-de-saude-de-monteiro-confirma-mais-um-caso-de-covid-no-municipio","status":"publish","type":"post","link":"https:\/\/www.caririemacao.com\/1\/2020\/06\/12\/secretaria-municipal-de-saude-de-monteiro-confirma-mais-um-caso-de-covid-no-municipio\/","title":{"rendered":"Secretaria Municipal de Sa\u00fade de Monteiro confirma mais um caso de Covid no munic\u00edpio"},"content":{"rendered":"\n<p><a href=\"https:\/\/www.facebook.com\/sharer.php?u=https%3A%2F%2Fwww.vitrinedocariri.com.br%2F2020%2F06%2Fsecretaria-municipal-de-saude-de-monteiro-confirma-mais-um-caso-de-covid-no-municipio%2F\" target=\"_blank\" rel=\"noreferrer noopener\"><\/a><a href=\"https:\/\/twitter.com\/share?url=https%3A%2F%2Fwww.vitrinedocariri.com.br%2F2020%2F06%2Fsecretaria-municipal-de-saude-de-monteiro-confirma-mais-um-caso-de-covid-no-municipio%2F&amp;text=Acabei%20de%20ver%20Secretaria%20Municipal%20de%20Sa%C3%BAde%20de%20Monteiro%20confirma%20mais%20um%20caso%20de%20Covid%20no%20munic%C3%ADpio%20-%20Clique%20para%20ver%20tamb%C3%A9m%20%E2%98%9B%20\" target=\"_blank\" rel=\"noreferrer noopener\"><\/a><a href=\"\/\/send?text=Secretaria%20Municipal%20de%20Sa%C3%BAde%20de%20Monteiro%20confirma%20mais%20um%20caso%20de%20Covid%20no%20munic%C3%ADpio%20%E2%98%9B%20https%3A%2F%2Fwww.vitrinedocariri.com.br%2F2020%2F06%2Fsecretaria-municipal-de-saude-de-monteiro-confirma-mais-um-caso-de-covid-no-municipio%2F\" target=\"_blank\" rel=\"noreferrer noopener\"><\/a><a href=\"javascript:void(0);\"><\/a><\/p>\n\n\n\n<p>A Secretaria Municipal de Sa\u00fade de Monteiro informa que nesta quinta-feira, 11, tivemos mais um novo caso CONFIRMADO para Covid-19.<\/p>\n\n\n\n<p>Paciente, 38 anos, sexo feminino que vem sendo monitorada pela equipe de Vigil\u00e2ncia em Sa\u00fade, permanecendo em isolamento domiciliar.<\/p>\n\n\n\n<p>Nesta mesma data atestamos que foram registrados mais 02 casos RECUPERADOS.<\/p>\n\n\n\n<p>#MonteiroContraoCoronav\u00edrus #CidadePreven\u00e7\u00e3o<\/p>\n","protected":false},"excerpt":{"rendered":"<p>A Secretaria Municipal de Sa\u00fade de Monteiro informa que nesta quinta-feira, 11, tivemos mais um novo caso CONFIRMADO para Covid-19. Paciente, 38 anos, sexo feminino&hellip; <\/p>\n","protected":false},"author":2,"featured_media":173840,"comment_status":"closed","ping_status":"closed","sticky":false,"template":"","format":"standard","meta":{"sfsi_plus_gutenberg_text_before_share":"","sfsi_plus_gutenberg_show_text_before_share":"","sfsi_plus_gutenberg_icon_type":"","sfsi_plus_gutenberg_icon_alignemt":"","sfsi_plus_gutenburg_max_per_row":"","footnotes":""},"categories":[50,2],"tags":[],"class_list":["post-173839","post","type-post","status-publish","format-standard","has-post-thumbnail","hentry","category-destaque","category-geral"],"_links":{"self":[{"href":"https:\/\/www.caririemacao.com\/1\/wp-json\/wp\/v2\/posts\/173839","targetHints":{"allow":["GET"]}}],"collection":[{"href":"https:\/\/www.caririemacao.com\/1\/wp-json\/wp\/v2\/posts"}],"about":[{"href":"https:\/\/www.caririemacao.com\/1\/wp-json\/wp\/v2\/types\/post"}],"author":[{"embeddable":true,"href":"https:\/\/www.caririemacao.com\/1\/wp-json\/wp\/v2\/users\/2"}],"replies":[{"embeddable":true,"href":"https:\/\/www.caririemacao.com\/1\/wp-json\/wp\/v2\/comments?post=173839"}],"version-history":[{"count":1,"href":"https:\/\/www.caririemacao.com\/1\/wp-json\/wp\/v2\/posts\/173839\/revisions"}],"predecessor-version":[{"id":173841,"href":"https:\/\/www.caririemacao.com\/1\/wp-json\/wp\/v2\/posts\/173839\/revisions\/173841"}],"wp:featuredmedia":[{"embeddable":true,"href":"https:\/\/www.caririemacao.com\/1\/wp-json\/wp\/v2\/media\/173840"}],"wp:attachment":[{"href":"https:\/\/www.caririemacao.com\/1\/wp-json\/wp\/v2\/media?parent=173839"}],"wp:term":[{"taxonomy":"category","embeddable":true,"href":"https:\/\/www.caririemacao.com\/1\/wp-json\/wp\/v2\/categories?post=173839"},{"taxonomy":"post_tag","embeddable":true,"href":"https:\/\/www.caririemacao.com\/1\/wp-json\/wp\/v2\/tags?post=173839"}],"curies":[{"name":"wp","href":"https:\/\/api.w.org\/{rel}","templated":true}]}}