{"id":173847,"date":"2020-06-12T06:27:47","date_gmt":"2020-06-12T09:27:47","guid":{"rendered":"https:\/\/www.caririemacao.com\/1\/?p=173847"},"modified":"2020-06-12T06:27:47","modified_gmt":"2020-06-12T09:27:47","slug":"paraiba-tem-menor-registro-de-covid-19-em-dois-dias-com-1-338-novos-casos-nesta-quinta-feira-estado-soma-570-mortes-pela-coronavirus","status":"publish","type":"post","link":"https:\/\/www.caririemacao.com\/1\/2020\/06\/12\/paraiba-tem-menor-registro-de-covid-19-em-dois-dias-com-1-338-novos-casos-nesta-quinta-feira-estado-soma-570-mortes-pela-coronavirus\/","title":{"rendered":"Para\u00edba tem menor registro de Covid-19 em dois dias, com 1.338 novos casos nesta quinta-feira; Estado soma 570 mortes pela coronav\u00edrus"},"content":{"rendered":"\n<p>A Para\u00edba registrou mais 1.338 novos casos de Covid-19 e 11 mortes, sendo cinco registradas nesta quinta-feira (11). Agora s\u00e3o&nbsp;25.370 casos confirmados e total de 570 \u00f3bitos.<\/p>\n\n\n\n<p>O Estado tem 22.364 casos descartados. Os recuperados s\u00e3o uma soma de&nbsp;5.620 pessoas. A infec\u00e7\u00e3o pelo novo coronav\u00edrus chegou a 206 munic\u00edpios da Para\u00edba, segundo boletim da Secretaria de Estado da Sa\u00fade.<\/p>\n\n\n\n<p>Na Para\u00edba,&nbsp;73.776 exames para diagn\u00f3stico da&nbsp;Covid-19 j\u00e1 foram realizados entre testes r\u00e1pidos e PCR.<\/p>\n\n\n\n<p>A ocupa\u00e7\u00e3o total de leitos de UTI (adulto, pedi\u00e1trico e obst\u00e9trico) em todo o estado \u00e9 de 65%. Fazendo um recorte apenas dos leitos de UTI para adultos na Regi\u00e3o Metropolitana de Jo\u00e3o Pessoa, a taxa de ocupa\u00e7\u00e3o chega a 79%. Em Campina Grande, est\u00e3o ocupados 61% dos leitos de UTI adulto e no sert\u00e3o, 59% dos leitos de UTI para adultos. O \u00edndice de Isolamento Social foi de apenas 42,8%, considerado baixo em rela\u00e7\u00e3o \u00e0 meta de 70% e \u00e0 m\u00ednima de 50%, mesmo com a ado\u00e7\u00e3o de medidas r\u00edgidas na regi\u00e3o metropolitana de Jo\u00e3o Pessoa.<\/p>\n\n\n\n<p><strong>11 \u00f3bitos foram confirmados, sendo 5 deles ocorridos nas \u00faltimas 24h:<\/strong><\/p>\n\n\n\n<ol class=\"wp-block-list\"><li>Mulher, 92 anos, residente em Bayeux. Diab\u00e9tica. Inicio dos sintomas em 07\/05, veio a \u00f3bito em sua resid\u00eancia no dia 11\/06<\/li><li>Homem, 74 anos, residente em Bel\u00e9m. Comorbidades n\u00e3o informadas. In\u00edcio dos sintomas em 03\/06, veio a \u00f3bito em hospital p\u00fablico no dia 10\/06.<\/li><li>Mulher, 68 anos, residente em Guarabira. Portadora de Cancer de Pulm\u00e3o. Inicio dos sintomas em 22\/05, veio a \u00f3bito em hospital p\u00fablico no dia 24\/05.<\/li><li>Homem, 50 anos, residente em Guarabira. Diab\u00e9tico, cardiopata. Inicio dos sintomas em 09\/05, veio a \u00f3bito em hospital p\u00fablico no dia 19\/05.<\/li><li>Mulher, 105 anos, residente em Jo\u00e3o Pessoa. Sem comorbidade. Inicio dos sintomas em 13\/05, veio a \u00f3bito em sua resid\u00eancia no dia 18\/05.<\/li><li>Homem, 76 anos, residente em Jo\u00e3o Pessoa. Diab\u00e9tico, paciente com ulcera necrosada em membro inferior. In\u00edcio dos sintomas em 01\/06. Veio a \u00f3bito em hospital p\u00fablico no dia 10\/06.<\/li><li>Homem, 49 anos, residente em Mulungu. Diab\u00e9tico. In\u00edcio dos sintomas em 21\/05, veio a \u00f3bito em hospital p\u00fablico no dia 11\/06.<\/li><li>Mulher, 56 anos, residente em Patos. Sem comorbidade. In\u00edcio dos sintomas em 04\/06, veio a \u00f3bito em hospital p\u00fablico no dia 09\/06.<\/li><li>Mulher, 81 anos, residente em Patos. Hipertensa. In\u00edcio dos sintomas em 09\/05, veio a \u00f3bito em hospital p\u00fablico no dia 09\/06.<\/li><li>Mulher, 82 anos, residente em Patos. Paciente com hist\u00f3rico de AVC. In\u00edcio dos sintomas em 01\/06, veio a \u00f3bito em hospital p\u00fablico no dia 09\/06.<\/li><li>Mulher, 75 anos, residente em Rio Tinto. Hipertensa, diab\u00e9tica. In\u00edcio dos sintomas no dia 01\/06, veio a \u00f3bito em hospital p\u00fablico no dia 10\/06.<\/li><\/ol>\n\n\n\n<p><strong>Os casos confirmados est\u00e3o distribu\u00eddos por 206 dos 223 munic\u00edpios paraibanos:<\/strong><\/p>\n\n\n\n<p>\u00c1gua Branca (10); Aguiar (1); Alagoa Grande (177); Alagoa Nova (81); Alagoinha (203); Alcantil (4) Alhandra (221); Amparo (12); Aparecida (10); Ara\u00e7agi (100); Arara (33); Araruna (12); Areia (94); Areia de Bara\u00fanas (1); Areial (17); Aroeiras (48); Assun\u00e7\u00e3o (20); Baia da Trai\u00e7\u00e3o (82); Bananeiras (47); Bara\u00fana (60); Barra de Santa Rosa (12); Barra de Santana (29); Barra de S\u00e3o Miguel (4); Bayeux (538); Bel\u00e9m (93); Bel\u00e9m do Brejo do Cruz (5); Bernardino Batista (2); Boa Ventura (1); Boa Vista (45); Bom Jesus (2); Bom Sucesso (5); Bonito de Santa F\u00e9 (1); Boqueir\u00e3o (60); Borborema (2); Brejo do Cruz (21); Brejo dos Santos (1); Caapor\u00e3 (551); Cabaceiras (2); Cabedelo (1351); Cachoeira dos \u00cdndios (22); Cacimba de Areia (5); Cacimba de Dentro (34); Cacimbas (24); Cai\u00e7ara (45); Cajazeiras (202); Cajazeirinhas (1); Caldas Brand\u00e3o (28); Campina Grande (3504); Capim (63); Cara\u00fabas (2); Carrapateira (1); Casserengue (46); Catingueira (6), Catol\u00e9 do Rocha (72); Caturit\u00e9 (25); Concei\u00e7\u00e3o (4); Condado (49); Conde (164); Congo (11); Coremas (20); Coxixola (8); Cruz do Esp\u00edrito Santo (142); Cubati (6); Cuit\u00e9 (18); Cuit\u00e9 de Mamanguape (22); Cuiteg\u00ed (62); Curral de Cima (11); Curral Velho (1), Dami\u00e3o (2); Desterro (13); Diamante (2); Dona In\u00eas (5); Duas Estradas (35); Emas (1); Esperan\u00e7a (130); Fagundes (15); Gado Bravo (48); Guarabira (1098); Gurinh\u00e9m (80); Gurj\u00e3o (16); Ibiara (5); Igaracy (2); Imaculada (10); Ing\u00e1 (151); Itabaiana (371); Itaporanga (7); Itapororoca (46); Itatuba (77); Jacara\u00fa (34); Jeric\u00f3 (3); Jo\u00e3o Pessoa (7133); Joca Claudino (1); Juarez T\u00e1vora (54); Juazeirinho (72); Junco do Serid\u00f3 (12); Juripiranga (185); Juru (5); Lagoa (3); Lagoa de Dentro (9); Lagoa Seca (196); Lastro (3); Logradouro (19); Lucena (97); M\u00e3e d&#8217;\u00c1gua (10); Malta (18); Mamanguape (453); Mana\u00edra (2); Marca\u00e7\u00e3o (9); Mari (184); Mariz\u00f3polis (4); Massaranduba (73); Mataraca (42); Matinhas (27); Mato Grosso (7); Matureia (14); Mogeiro (26); Montadas (18); Monteiro (37); Mulungu (64); Natuba (13); Nazarezinho (2); Nova Floresta (6), Nova Olinda (4); Nova Palmeira (12); Olho D\u00b4\u00c1gua (25); Olivedos (8);&nbsp; Parari (1); Passagem (13); Patos (866); Paulista (35); Pedra Lavrada (15); Pedras de Fogo (551); Pedro R\u00e9gis (2); Pianc\u00f3 (25); Picu\u00ed (38); Pilar (62); Pil\u00f5es (25); Pil\u00f5ezinhos (87); Pirpirituba (33); Pitimbu (237); Pocinhos (15);&nbsp; Pombal (89); Princesa Isabel (19); Puxinan\u00e3 (82);&nbsp; Queimadas (206); Quixaba (17); Rem\u00edgio (103); Riach\u00e3o (3); Riach\u00e3o do Bacamarte (136);&nbsp; Riach\u00e3o do Po\u00e7o (14); Riacho de Santo Ant\u00f4nio (5); Riacho dos Cavalos (2); Rio Tinto (161); Salgadinho (8); Salgado de S\u00e3o Felix (43); Santa Cec\u00edlia (9); Santa Cruz (2); Santa Helena (2); Santa In\u00eas (4);&nbsp; Santa Luzia (111); Santa Rita (858); Santa Terezinha (19); Santana dos Garrotes (2); Santo Andr\u00e9 (1); S\u00e3o Bentinho (14); S\u00e3o Bento (357); S\u00e3o Francisco (6);&nbsp; S\u00e3o Jo\u00e3o do Cariri (11); S\u00e3o Jo\u00e3o do Rio do Peixe (23); S\u00e3o Jo\u00e3o do Tigre (1); S\u00e3o Jos\u00e9 da Lagoa Tapada (16); S\u00e3o Jos\u00e9 de Caiana (22); S\u00e3o Jos\u00e9 de Espinharas (5); S\u00e3o Jos\u00e9 de Piranhas (13); S\u00e3o Jos\u00e9 do Bonfim (28); S\u00e3o Jos\u00e9 do Sabugi (87); S\u00e3o Jos\u00e9 dos Cordeiros (3); S\u00e3o Jos\u00e9 dos Ramos (28); S\u00e3o Mamede (20); S\u00e3o Miguel de Taipu (51); S\u00e3o Sebasti\u00e3o de Lagoa de Ro\u00e7a (62); S\u00e3o Sebasti\u00e3o do Umbuzeiro (4); S\u00e3o Vicente do Serid\u00f3 (18); Sap\u00e9 (302); Serra Branca (9); Serra da Ra\u00edz (12); Serra Grande (1); Serra Redonda (77); Serraria (21); Sert\u00e3ozinho (24); Sobrado (42); Sol\u00e2nea (105); Soledade (31); Sossego (1), Sousa (350); Sum\u00e9 (25); Tacima (33); Tapero\u00e1 (37); Tavares (10); Teixeira (32); Ten\u00f3rio (2); Uira\u00fana (8); Umbuzeiro (18); V\u00e1rzea (2); Vieir\u00f3polis (3); Vista Serrana (1).<\/p>\n\n\n\n<p>*Dados Oficiais preliminares (fonte: SIM,e-sus VE e SIVEP) extra\u00eddos \u00e0s 10h do dia 11\/06, sujeitos a altera\u00e7\u00e3o por parte dos munic\u00edpios.<\/p>\n\n\n\n<p>Os dados epidemiol\u00f3gicos e de ocupa\u00e7\u00e3o de leitos podem ser visualizados no&nbsp;<a href=\"https:\/\/paraiba.pb.gov.br\/diretas\/saude\/coronavirus\/\">site sobre o coronav\u00edrus<\/a>.<\/p>\n","protected":false},"excerpt":{"rendered":"<p>A Para\u00edba registrou mais 1.338 novos casos de Covid-19 e 11 mortes, sendo cinco registradas nesta quinta-feira (11). Agora s\u00e3o&nbsp;25.370 casos confirmados e total de&hellip; <\/p>\n","protected":false},"author":2,"featured_media":173765,"comment_status":"closed","ping_status":"closed","sticky":false,"template":"","format":"standard","meta":{"sfsi_plus_gutenberg_text_before_share":"","sfsi_plus_gutenberg_show_text_before_share":"","sfsi_plus_gutenberg_icon_type":"","sfsi_plus_gutenberg_icon_alignemt":"","sfsi_plus_gutenburg_max_per_row":"","footnotes":""},"categories":[50,2],"tags":[],"class_list":["post-173847","post","type-post","status-publish","format-standard","has-post-thumbnail","hentry","category-destaque","category-geral"],"_links":{"self":[{"href":"https:\/\/www.caririemacao.com\/1\/wp-json\/wp\/v2\/posts\/173847","targetHints":{"allow":["GET"]}}],"collection":[{"href":"https:\/\/www.caririemacao.com\/1\/wp-json\/wp\/v2\/posts"}],"about":[{"href":"https:\/\/www.caririemacao.com\/1\/wp-json\/wp\/v2\/types\/post"}],"author":[{"embeddable":true,"href":"https:\/\/www.caririemacao.com\/1\/wp-json\/wp\/v2\/users\/2"}],"replies":[{"embeddable":true,"href":"https:\/\/www.caririemacao.com\/1\/wp-json\/wp\/v2\/comments?post=173847"}],"version-history":[{"count":1,"href":"https:\/\/www.caririemacao.com\/1\/wp-json\/wp\/v2\/posts\/173847\/revisions"}],"predecessor-version":[{"id":173848,"href":"https:\/\/www.caririemacao.com\/1\/wp-json\/wp\/v2\/posts\/173847\/revisions\/173848"}],"wp:featuredmedia":[{"embeddable":true,"href":"https:\/\/www.caririemacao.com\/1\/wp-json\/wp\/v2\/media\/173765"}],"wp:attachment":[{"href":"https:\/\/www.caririemacao.com\/1\/wp-json\/wp\/v2\/media?parent=173847"}],"wp:term":[{"taxonomy":"category","embeddable":true,"href":"https:\/\/www.caririemacao.com\/1\/wp-json\/wp\/v2\/categories?post=173847"},{"taxonomy":"post_tag","embeddable":true,"href":"https:\/\/www.caririemacao.com\/1\/wp-json\/wp\/v2\/tags?post=173847"}],"curies":[{"name":"wp","href":"https:\/\/api.w.org\/{rel}","templated":true}]}}