{"id":173850,"date":"2020-06-12T06:30:26","date_gmt":"2020-06-12T09:30:26","guid":{"rendered":"https:\/\/www.caririemacao.com\/1\/?p=173850"},"modified":"2020-06-12T06:30:26","modified_gmt":"2020-06-12T09:30:26","slug":"tive-momentos-de-dor-e-de-extase-diz-regina-duarte-sobre-sua-gestao-na-cultura","status":"publish","type":"post","link":"https:\/\/www.caririemacao.com\/1\/2020\/06\/12\/tive-momentos-de-dor-e-de-extase-diz-regina-duarte-sobre-sua-gestao-na-cultura\/","title":{"rendered":"Tive momentos de dor e de \u00eaxtase, diz Regina Duarte sobre sua gest\u00e3o na Cultura"},"content":{"rendered":"\n<p>A atriz Regina Duarte publicou na madrugada um v\u00eddeo em se perfil no Instagram em que aparece defendendo sua gest\u00e3o de quase tr\u00eas meses \u00e0 frente da Secretaria Especial da Cultura. At\u00e9 a manh\u00e3 de quinta (11), ele tinha mais de 250 mil visualiza\u00e7\u00f5es.<\/p>\n\n\n\n<p>&#8220;Aqui eu tive momentos de dor, de \u00eaxtase, tive inseguran\u00e7as, risos, l\u00e1grimas. S\u00e3o trof\u00e9us que eu vou levar para o resto da minha vida&#8221;, disse a atriz. A exonera\u00e7\u00e3o de Regina foi oficializada em Di\u00e1rio Oficial da Uni\u00e3o na quarta-feira (10).<\/p>\n\n\n\n<p>No v\u00eddeo, com dura\u00e7\u00e3o de 14 minutos, ela reclamou dos entraves e da &#8220;lentid\u00e3o burocr\u00e1tica&#8221; que enfrentou, al\u00e9m de criticar, novamente, a polariza\u00e7\u00e3o da classe art\u00edstica. &#8220;Quando eu aceitei o convite pra vir pra c\u00e1, a minha principal motiva\u00e7\u00e3o foi sempre em primeiro lugar contribuir com a pacifica\u00e7\u00e3o do setor. Meus objetivos b\u00e1sicos eram ganhar confian\u00e7a do governo e com isso reduzir o clima de &#8216;polaridade&#8217; reinante na classe art\u00edstica. Cultura combina com pluralidade, n\u00e3o com antagonismo&#8221;, disse.<\/p>\n\n\n\n<p>&#8220;Esse bater por bater que acontece muitas vezes no meio pol\u00edtico \u00e9 extremamente prejudicial a na\u00e7\u00e3o e mais ainda com quem lida com o fazer cultural. Objeto da cultura \u00e9 o respeito a pluralidade. \u00c9 uma atividade que deveria ser vista e tratada num terreno superior, acima da \u00e1gua escura da intoler\u00e2ncia politica&#8221;, seguiu Regina.<\/p>\n\n\n\n<p>Ela tamb\u00e9m defendeu a publica\u00e7\u00e3o da instru\u00e7\u00e3o normativa que foi publicada em sua gest\u00e3o e que traz mais flexibilidade para procedimentos de capta\u00e7\u00e3o, execu\u00e7\u00e3o, presta\u00e7\u00e3o de contas e avalia\u00e7\u00e3o de resultados dos projetos culturais apresentados por meio do mecanismo incentivo a projetos culturais do Pronac (Programa Nacional de Apoio \u00e0 Cultura).<\/p>\n\n\n\n<p>E apresentou alguns projetos que desenvolveu com a equipe, mas ainda n\u00e3o foram implementados. &#8220;Os projetos s\u00e3o muito especiais pra mim, porque v\u00e3o ajudar o pessoal de cultura a se manter ativo, forte&#8221;, diz.<\/p>\n\n\n\n<p>Regina citou uma linha de cr\u00e9dito que, segundo ela, disponibilizar\u00e1 &#8220;milh\u00f5es de reais&#8221; do Fundo Nacional de Cultura, os &#8220;empr\u00e9stimos reembols\u00e1veis&#8221; (&#8220;as taxas de juros s\u00e3o bem abaixo do que \u00e9 praticado no mercado e o prazo de car\u00eancia para o pagamento \u00e9 o menor que existe na pra\u00e7a e, tudo isso, com muito menos burocracia&#8221;), um crowfunding para incentivar produ\u00e7\u00f5es culturais pelo pa\u00eds e dois editais, um para roteiristas estreantes e outro de literatura para jovens.<\/p>\n\n\n\n<p>Ela tamb\u00e9m voltou a dizer que, em poucos dias, o governo deve convocar a reuni\u00e3o do comit\u00ea gestor do FSA (Fundo Setorial do Audiovisual). Ele \u00e9 respons\u00e1vel por definir as diretrizes e o plano anual de investimentos do FSA, principal fonte de financiamento do setor.<\/p>\n\n\n\n<p>Ao final, a atriz se despediu emocionada. &#8220;Agrade\u00e7o de cora\u00e7\u00e3o ao presidente Bolsonaro pela oportunidade de chegar mais perto de um lugar onde eu jamais pensei estar. Secretaria Especial de Cultura do meu pa\u00eds.&#8221;<\/p>\n\n\n\n<p>&#8220;Saibam todos que saio da secretaria com o cora\u00e7\u00e3o irrigado pelo carinho de voc\u00eas. Contem sempre com a minha amizade. E desculpa alguma coisa, t\u00e1? N\u00e3o \u00e9 assim que se fala nas despedidas?&#8221;, continua ela.<\/p>\n\n\n\n<p>&#8220;Eu ocupei por quase tr\u00eas meses um cargo que exigiu de mim experi\u00eancia, estrat\u00e9gia e t\u00e1ticas totalmente distantes de tudo, de tudo para que eu fui preparada a vida inteira para fazer. Um enorme desafio. E de repente, gest\u00e3o. Gest\u00e3o p\u00fablica, quem diria. Na minha vida! \u00c9 a vida, essa experi\u00eancia incr\u00edvel.&#8221;<\/p>\n\n\n\n<p>&#8220;Aqui eu tive momentos de dor, de \u00eaxtase, tive inseguran\u00e7as, risos, l\u00e1grimas. S\u00e3o trof\u00e9us que eu vou levar para o resto da minha vida&#8221;, finalizou.<\/p>\n","protected":false},"excerpt":{"rendered":"<p>A atriz Regina Duarte publicou na madrugada um v\u00eddeo em se perfil no Instagram em que aparece defendendo sua gest\u00e3o de quase tr\u00eas meses \u00e0&hellip; <\/p>\n","protected":false},"author":2,"featured_media":173629,"comment_status":"closed","ping_status":"closed","sticky":false,"template":"","format":"standard","meta":{"sfsi_plus_gutenberg_text_before_share":"","sfsi_plus_gutenberg_show_text_before_share":"","sfsi_plus_gutenberg_icon_type":"","sfsi_plus_gutenberg_icon_alignemt":"","sfsi_plus_gutenburg_max_per_row":"","footnotes":""},"categories":[11],"tags":[],"class_list":["post-173850","post","type-post","status-publish","format-standard","has-post-thumbnail","hentry","category-politica"],"_links":{"self":[{"href":"https:\/\/www.caririemacao.com\/1\/wp-json\/wp\/v2\/posts\/173850","targetHints":{"allow":["GET"]}}],"collection":[{"href":"https:\/\/www.caririemacao.com\/1\/wp-json\/wp\/v2\/posts"}],"about":[{"href":"https:\/\/www.caririemacao.com\/1\/wp-json\/wp\/v2\/types\/post"}],"author":[{"embeddable":true,"href":"https:\/\/www.caririemacao.com\/1\/wp-json\/wp\/v2\/users\/2"}],"replies":[{"embeddable":true,"href":"https:\/\/www.caririemacao.com\/1\/wp-json\/wp\/v2\/comments?post=173850"}],"version-history":[{"count":1,"href":"https:\/\/www.caririemacao.com\/1\/wp-json\/wp\/v2\/posts\/173850\/revisions"}],"predecessor-version":[{"id":173851,"href":"https:\/\/www.caririemacao.com\/1\/wp-json\/wp\/v2\/posts\/173850\/revisions\/173851"}],"wp:featuredmedia":[{"embeddable":true,"href":"https:\/\/www.caririemacao.com\/1\/wp-json\/wp\/v2\/media\/173629"}],"wp:attachment":[{"href":"https:\/\/www.caririemacao.com\/1\/wp-json\/wp\/v2\/media?parent=173850"}],"wp:term":[{"taxonomy":"category","embeddable":true,"href":"https:\/\/www.caririemacao.com\/1\/wp-json\/wp\/v2\/categories?post=173850"},{"taxonomy":"post_tag","embeddable":true,"href":"https:\/\/www.caririemacao.com\/1\/wp-json\/wp\/v2\/tags?post=173850"}],"curies":[{"name":"wp","href":"https:\/\/api.w.org\/{rel}","templated":true}]}}