{"id":173853,"date":"2020-06-12T06:40:07","date_gmt":"2020-06-12T09:40:07","guid":{"rendered":"https:\/\/www.caririemacao.com\/1\/?p=173853"},"modified":"2020-06-12T06:40:07","modified_gmt":"2020-06-12T09:40:07","slug":"brasil-registra-mais-de-3253-mil-curados-do-coronavirus","status":"publish","type":"post","link":"https:\/\/www.caririemacao.com\/1\/2020\/06\/12\/brasil-registra-mais-de-3253-mil-curados-do-coronavirus\/","title":{"rendered":"Brasil registra mais de 325,3 mil curados do coronav\u00edrus"},"content":{"rendered":"\n<p>O Brasil registrou, nesta quarta-feira (10), o total de 325.395 casos de pessoas curadas do coronav\u00edrus. As informa\u00e7\u00f5es foram atualizadas \u00e0s 18h30 e foram repassadas pelas Secretarias Estaduais de Sa\u00fade de todo o pa\u00eds. O Minist\u00e9rio da Sa\u00fade checou os dados e consolidou todas as informa\u00e7\u00f5es, que j\u00e1 est\u00e3o publicadas nos sistemas oficiais e plataformas da pasta.<\/p>\n\n\n\n<p>O n\u00famero de pessoas curadas tem crescido dia ap\u00f3s dia devido aos esfor\u00e7os que o Governo do Brasil tem empenhado em auxiliar estados e munic\u00edpios a prepararem suas estruturas de sa\u00fade. O objetivo \u00e9 fortalecer a rede de atendimento do Sistema \u00danico de Sa\u00fade (SUS) com recursos humanos (m\u00e9dicos e profissionais de sa\u00fade), aporte de recursos, envio de insumos, medicamentos, testes diagn\u00f3sticos e habilita\u00e7\u00e3o de leitos de Unidades de Terapia Intensiva (UTI) exclusivos para casos graves e grav\u00edssimos, melhorando a capacidade de atendimento e resposta \u00e0s demandas da popula\u00e7\u00e3o.<\/p>\n\n\n\n<p>A publica\u00e7\u00e3o das informa\u00e7\u00f5es refor\u00e7a o compromisso do Minist\u00e9rio da Sa\u00fade com a total transpar\u00eancia e o compromisso com a sociedade, buscando sempre alinhamento e pactua\u00e7\u00e3o com estados e munic\u00edpios na tomada de decis\u00f5es para cuidar da sa\u00fade de toda a popula\u00e7\u00e3o.<\/p>\n\n\n\n<p>Atualmente, o Brasil tem 772.416 casos confirmados e 407.341 pacientes est\u00e3o em acompanhamento m\u00e9dico. Nas \u00faltimas 24h, foram confirmados 32.913 casos novos da doen\u00e7a.<\/p>\n\n\n\n<p>Em rela\u00e7\u00e3o aos \u00f3bitos, s\u00e3o 39.680 confirma\u00e7\u00f5es at\u00e9 o momento. Nas \u00faltimas 24h, foram registrados 1.274 casos nos sistemas oficiais do Governo do Brasil, sendo que a maior parte aconteceu em outros dias. Do total, 415 \u00f3bitos foram confirmados nos \u00faltimos tr\u00eas dias e outros 3.608 casos seguem em investiga\u00e7\u00e3o.<\/p>\n","protected":false},"excerpt":{"rendered":"<p>O Brasil registrou, nesta quarta-feira (10), o total de 325.395 casos de pessoas curadas do coronav\u00edrus. As informa\u00e7\u00f5es foram atualizadas \u00e0s 18h30 e foram repassadas&hellip; <\/p>\n","protected":false},"author":2,"featured_media":172825,"comment_status":"closed","ping_status":"closed","sticky":false,"template":"","format":"standard","meta":{"sfsi_plus_gutenberg_text_before_share":"","sfsi_plus_gutenberg_show_text_before_share":"","sfsi_plus_gutenberg_icon_type":"","sfsi_plus_gutenberg_icon_alignemt":"","sfsi_plus_gutenburg_max_per_row":"","footnotes":""},"categories":[50,16],"tags":[],"class_list":["post-173853","post","type-post","status-publish","format-standard","has-post-thumbnail","hentry","category-destaque","category-saude"],"_links":{"self":[{"href":"https:\/\/www.caririemacao.com\/1\/wp-json\/wp\/v2\/posts\/173853","targetHints":{"allow":["GET"]}}],"collection":[{"href":"https:\/\/www.caririemacao.com\/1\/wp-json\/wp\/v2\/posts"}],"about":[{"href":"https:\/\/www.caririemacao.com\/1\/wp-json\/wp\/v2\/types\/post"}],"author":[{"embeddable":true,"href":"https:\/\/www.caririemacao.com\/1\/wp-json\/wp\/v2\/users\/2"}],"replies":[{"embeddable":true,"href":"https:\/\/www.caririemacao.com\/1\/wp-json\/wp\/v2\/comments?post=173853"}],"version-history":[{"count":1,"href":"https:\/\/www.caririemacao.com\/1\/wp-json\/wp\/v2\/posts\/173853\/revisions"}],"predecessor-version":[{"id":173854,"href":"https:\/\/www.caririemacao.com\/1\/wp-json\/wp\/v2\/posts\/173853\/revisions\/173854"}],"wp:featuredmedia":[{"embeddable":true,"href":"https:\/\/www.caririemacao.com\/1\/wp-json\/wp\/v2\/media\/172825"}],"wp:attachment":[{"href":"https:\/\/www.caririemacao.com\/1\/wp-json\/wp\/v2\/media?parent=173853"}],"wp:term":[{"taxonomy":"category","embeddable":true,"href":"https:\/\/www.caririemacao.com\/1\/wp-json\/wp\/v2\/categories?post=173853"},{"taxonomy":"post_tag","embeddable":true,"href":"https:\/\/www.caririemacao.com\/1\/wp-json\/wp\/v2\/tags?post=173853"}],"curies":[{"name":"wp","href":"https:\/\/api.w.org\/{rel}","templated":true}]}}