{"id":173856,"date":"2020-06-12T06:45:46","date_gmt":"2020-06-12T09:45:46","guid":{"rendered":"https:\/\/www.caririemacao.com\/1\/?p=173856"},"modified":"2020-06-12T06:45:46","modified_gmt":"2020-06-12T09:45:46","slug":"estudo-mostra-que-obesidade-e-diabetes-sem-controle-estao-entre-as-causas-de-quadro-grave-da-covid-19","status":"publish","type":"post","link":"https:\/\/www.caririemacao.com\/1\/2020\/06\/12\/estudo-mostra-que-obesidade-e-diabetes-sem-controle-estao-entre-as-causas-de-quadro-grave-da-covid-19\/","title":{"rendered":"Estudo mostra que obesidade e diabetes sem controle est\u00e3o entre as causas de quadro grave da Covid-19"},"content":{"rendered":"\n<h1 class=\"wp-block-heading\"><\/h1>\n\n\n\n<p>Um&nbsp;<a href=\"https:\/\/www.medrxiv.org\/content\/10.1101\/2020.04.08.20057794v1\">estudo<\/a>&nbsp;realizado com 4.103 pessoas na cidade de Nova York apontou as principais causas de interna\u00e7\u00f5es e \u00f3bitos pela Covid-19 e a obesidade e o diabetes est\u00e3o entre as principais doen\u00e7as respons\u00e1veis pela piora do paciente, isso porque as duas doen\u00e7as estavam no momento de crise, fora de controle.<\/p>\n\n\n\n<p>\u201cNesta pandemia de Covid-19 \u00e9 muito importante manter o tratamento prescrito pelo m\u00e9dico especialista. \u00c9 um alerta que vem sendo feito desde o come\u00e7o da dissemina\u00e7\u00e3o do novo coronav\u00edrus. Pessoas com diabetes e obesidade n\u00e3o s\u00e3o mais propensas a contrair a Covid, mas se forem infectadas podem ter uma evolu\u00e7\u00e3o grave da doen\u00e7a\u201d, alerta Dra. Lorena Lima Amato, m\u00e9dica endocrinologista.<\/p>\n\n\n\n<p>Da popula\u00e7\u00e3o testada no estudo, 4.103 pacientes apresentaram resultado positivo para Covid-19 (48,7%). Desse total, 1.999 foram hospitalizados (48,7%) e os outros 1.582 morreram, avan\u00e7aram para cuidados intensivos ou tiveram alta.<\/p>\n\n\n\n<p>Entre os 1.582 casos, 650 sofreram doen\u00e7a grave (41,1%), 292 foram a \u00f3bito (18,5%) e 932 (58,9%) tiveram alta sem complica\u00e7\u00f5es graves. Entre os pacientes que testaram positivo para Covid-19, 15% eram diab\u00e9ticos e 27% obesos. A maioria era homem, com m\u00e9dia 52 anos de idade.<\/p>\n","protected":false},"excerpt":{"rendered":"<p>Um&nbsp;estudo&nbsp;realizado com 4.103 pessoas na cidade de Nova York apontou as principais causas de interna\u00e7\u00f5es e \u00f3bitos pela Covid-19 e a obesidade e o diabetes&hellip; <\/p>\n","protected":false},"author":2,"featured_media":173857,"comment_status":"closed","ping_status":"closed","sticky":false,"template":"","format":"standard","meta":{"sfsi_plus_gutenberg_text_before_share":"","sfsi_plus_gutenberg_show_text_before_share":"","sfsi_plus_gutenberg_icon_type":"","sfsi_plus_gutenberg_icon_alignemt":"","sfsi_plus_gutenburg_max_per_row":"","footnotes":""},"categories":[2],"tags":[],"class_list":["post-173856","post","type-post","status-publish","format-standard","has-post-thumbnail","hentry","category-geral"],"_links":{"self":[{"href":"https:\/\/www.caririemacao.com\/1\/wp-json\/wp\/v2\/posts\/173856","targetHints":{"allow":["GET"]}}],"collection":[{"href":"https:\/\/www.caririemacao.com\/1\/wp-json\/wp\/v2\/posts"}],"about":[{"href":"https:\/\/www.caririemacao.com\/1\/wp-json\/wp\/v2\/types\/post"}],"author":[{"embeddable":true,"href":"https:\/\/www.caririemacao.com\/1\/wp-json\/wp\/v2\/users\/2"}],"replies":[{"embeddable":true,"href":"https:\/\/www.caririemacao.com\/1\/wp-json\/wp\/v2\/comments?post=173856"}],"version-history":[{"count":1,"href":"https:\/\/www.caririemacao.com\/1\/wp-json\/wp\/v2\/posts\/173856\/revisions"}],"predecessor-version":[{"id":173858,"href":"https:\/\/www.caririemacao.com\/1\/wp-json\/wp\/v2\/posts\/173856\/revisions\/173858"}],"wp:featuredmedia":[{"embeddable":true,"href":"https:\/\/www.caririemacao.com\/1\/wp-json\/wp\/v2\/media\/173857"}],"wp:attachment":[{"href":"https:\/\/www.caririemacao.com\/1\/wp-json\/wp\/v2\/media?parent=173856"}],"wp:term":[{"taxonomy":"category","embeddable":true,"href":"https:\/\/www.caririemacao.com\/1\/wp-json\/wp\/v2\/categories?post=173856"},{"taxonomy":"post_tag","embeddable":true,"href":"https:\/\/www.caririemacao.com\/1\/wp-json\/wp\/v2\/tags?post=173856"}],"curies":[{"name":"wp","href":"https:\/\/api.w.org\/{rel}","templated":true}]}}