{"id":173859,"date":"2020-06-12T06:48:07","date_gmt":"2020-06-12T09:48:07","guid":{"rendered":"https:\/\/www.caririemacao.com\/1\/?p=173859"},"modified":"2020-06-12T06:48:07","modified_gmt":"2020-06-12T09:48:07","slug":"parlamentares-vao-ao-stf-contra-intervencao-de-bolsonaro-nas-universidades","status":"publish","type":"post","link":"https:\/\/www.caririemacao.com\/1\/2020\/06\/12\/parlamentares-vao-ao-stf-contra-intervencao-de-bolsonaro-nas-universidades\/","title":{"rendered":"Parlamentares v\u00e3o ao STF contra interven\u00e7\u00e3o de Bolsonaro nas universidades"},"content":{"rendered":"\n<h3 class=\"wp-block-heading\"><\/h3>\n\n\n\n<hr class=\"wp-block-separator\"\/>\n\n\n\n<p>Parlamentares da oposi\u00e7\u00e3o, liderados pela deputada Margarida Salom\u00e3o (PT-MG), protocolaram nesta quinta-feira (11) no STF (Supremo Tribunal Federal) um mandado de seguran\u00e7a contra a Medida Provis\u00f3ria 979 \u2014 a normativa assinada &nbsp;por Jair Bolsonaro autoriza que o ministro da Educa\u00e7\u00e3o, Abraham Weintraub, indique reitores tempor\u00e1rios para as universidades e institutos federais durante a pandemia do coronav\u00edrus. A i<a href=\"https:\/\/noticias.uol.com.br\/politica\/ultimas-noticias\/2020\/06\/11\/parlamentares-denunciam-ao-stf-mp-que-permite-a-weintraub-escolher-reitores.htm?utm_source=twitter&amp;utm_medium=social-media&amp;utm_content=geral&amp;utm_campaign=uol\" target=\"_blank\" rel=\"noreferrer noopener\">nforma\u00e7\u00e3o<\/a>&nbsp;\u00e9 do portal UOL.<\/p>\n\n\n\n<p>A medida \u00e9 criticada por driblar a consulta \u00e0 comunidade acad\u00eamica \u2014 alunos e professores \u2014 que at\u00e9 ent\u00e3o participavam da escolha do reitor. Segundo o grupo de parlamentares, a MP \u201cafronta a autonomia universit\u00e1ria e a Constitui\u00e7\u00e3o Federal\u201d.<\/p>\n\n\n\n<p>\u201cParlamentares da oposi\u00e7\u00e3o est\u00e3o trabalhando para derrubar mais um ato arbitr\u00e1rio, antidemocr\u00e1tico e inconstitucional do governo Bolsonaro\u201d, diz Salom\u00e3o, em nota. \u201cAs Institui\u00e7\u00f5es precisam reagir a mais uma a\u00e7\u00e3o fascista do governo\u201d.<\/p>\n","protected":false},"excerpt":{"rendered":"<p>Parlamentares da oposi\u00e7\u00e3o, liderados pela deputada Margarida Salom\u00e3o (PT-MG), protocolaram nesta quinta-feira (11) no STF (Supremo Tribunal Federal) um mandado de seguran\u00e7a contra a Medida&hellip; <\/p>\n","protected":false},"author":2,"featured_media":173860,"comment_status":"closed","ping_status":"closed","sticky":false,"template":"","format":"standard","meta":{"sfsi_plus_gutenberg_text_before_share":"","sfsi_plus_gutenberg_show_text_before_share":"","sfsi_plus_gutenberg_icon_type":"","sfsi_plus_gutenberg_icon_alignemt":"","sfsi_plus_gutenburg_max_per_row":"","footnotes":""},"categories":[11],"tags":[],"class_list":["post-173859","post","type-post","status-publish","format-standard","has-post-thumbnail","hentry","category-politica"],"_links":{"self":[{"href":"https:\/\/www.caririemacao.com\/1\/wp-json\/wp\/v2\/posts\/173859","targetHints":{"allow":["GET"]}}],"collection":[{"href":"https:\/\/www.caririemacao.com\/1\/wp-json\/wp\/v2\/posts"}],"about":[{"href":"https:\/\/www.caririemacao.com\/1\/wp-json\/wp\/v2\/types\/post"}],"author":[{"embeddable":true,"href":"https:\/\/www.caririemacao.com\/1\/wp-json\/wp\/v2\/users\/2"}],"replies":[{"embeddable":true,"href":"https:\/\/www.caririemacao.com\/1\/wp-json\/wp\/v2\/comments?post=173859"}],"version-history":[{"count":1,"href":"https:\/\/www.caririemacao.com\/1\/wp-json\/wp\/v2\/posts\/173859\/revisions"}],"predecessor-version":[{"id":173861,"href":"https:\/\/www.caririemacao.com\/1\/wp-json\/wp\/v2\/posts\/173859\/revisions\/173861"}],"wp:featuredmedia":[{"embeddable":true,"href":"https:\/\/www.caririemacao.com\/1\/wp-json\/wp\/v2\/media\/173860"}],"wp:attachment":[{"href":"https:\/\/www.caririemacao.com\/1\/wp-json\/wp\/v2\/media?parent=173859"}],"wp:term":[{"taxonomy":"category","embeddable":true,"href":"https:\/\/www.caririemacao.com\/1\/wp-json\/wp\/v2\/categories?post=173859"},{"taxonomy":"post_tag","embeddable":true,"href":"https:\/\/www.caririemacao.com\/1\/wp-json\/wp\/v2\/tags?post=173859"}],"curies":[{"name":"wp","href":"https:\/\/api.w.org\/{rel}","templated":true}]}}