{"id":173863,"date":"2020-06-12T06:53:01","date_gmt":"2020-06-12T09:53:01","guid":{"rendered":"https:\/\/www.caririemacao.com\/1\/?p=173863"},"modified":"2020-06-12T06:53:01","modified_gmt":"2020-06-12T09:53:01","slug":"bolsonaro-diz-ter-vetado-trecho-de-projeto-que-dava-a-sindico-poder-de-barrar-festas-em-condominio","status":"publish","type":"post","link":"https:\/\/www.caririemacao.com\/1\/2020\/06\/12\/bolsonaro-diz-ter-vetado-trecho-de-projeto-que-dava-a-sindico-poder-de-barrar-festas-em-condominio\/","title":{"rendered":"Bolsonaro diz ter vetado trecho de projeto que dava a s\u00edndico poder de barrar festas em condom\u00ednio"},"content":{"rendered":"\n<h3 class=\"wp-block-heading\"><\/h3>\n\n\n\n<hr class=\"wp-block-separator\"\/>\n\n\n\n<p>O presidente Jair Bolsonaro informou nesta quinta-feira (11) em uma rede social que vetou um trecho de um projeto aprovado no Congresso Nacional que dava aos s\u00edndicos o poder de barrar festas em condom\u00ednios durante a pandemia do novo coronav\u00edrus.<\/p>\n\n\n\n<p>O projeto mencionado pelo presidente foi aprovado pelo Congresso e flexibiliza as rela\u00e7\u00f5es jur\u00eddicas de direito privado durante a pandemia.<\/p>\n\n\n\n<p>Embora o presidente tenha anunciado a decis\u00e3o, o veto n\u00e3o havia sido publicado no \u201cDi\u00e1rio Oficial da Uni\u00e3o\u201d at\u00e9 a \u00faltima atualiza\u00e7\u00e3o desta reportagem.<\/p>\n\n\n\n<p>O trecho que Bolsonaro diz ter vetado permitia que os s\u00edndicos restringissem o acesso a \u00e1reas comuns de condom\u00ednios para evitar a contamina\u00e7\u00e3o pela Covid-19, al\u00e9m de permitir que festividades e reuni\u00f5es fossem proibidas durante a pandemia.<\/p>\n\n\n\n<p>\u201cQualquer decis\u00e3o de restri\u00e7\u00e3o nos condom\u00ednios devem ser tomados seguindo o desejo dos moradores nas assembleias internas\u201d, escreveu Bolsonaro.<\/p>\n\n\n\n<h4 class=\"wp-block-heading\"><strong>Outros vetos<\/strong><\/h4>\n\n\n\n<p>Bolsonaro informou ainda ter derrubado um dispositivo que impedia a concess\u00e3o de decis\u00f5es liminares (provis\u00f3rias) para despejo de inquilinos durante a crise causada pela Covid-19.<\/p>\n\n\n\n<p>Desta forma, as desocupa\u00e7\u00f5es de im\u00f3veis \u00e1reas urbanas poder\u00e3o continuar ocorrendo sem impedimento legal.<\/p>\n\n\n\n<p><strong>Tamb\u00e9m foram vetados vetados, segundo Bolsonaro:<\/strong><\/p>\n\n\n\n<p><em>\u2013 O artigo que orientava associa\u00e7\u00f5es, sociedades e funda\u00e7\u00f5es a observarem restri\u00e7\u00f5es \u00e0 realiza\u00e7\u00e3o de reuni\u00f5es e assembleias presenciais at\u00e9 30 de outubro;<\/em><\/p>\n\n\n\n<p><em>\u2013 Os artigos 6 e 7, que tratavam dos efeitos da pandemia na resolu\u00e7\u00e3o e revis\u00e3o de contratos, e os artigos;<\/em><\/p>\n\n\n\n<p><em>\u2013 Os dispositivos que determinavam a empresas de transporte privado individual de passageiros a redu\u00e7\u00e3o em 15% da fatia arrecadada em cada viagem e reduziam na mesma propor\u00e7\u00e3o os encargos e outorgas cobrados de taxistas;<\/em><\/p>\n\n\n\n<p><em>\u2013 Artigo que permitia a flexibiliza\u00e7\u00e3o do controle do peso de ve\u00edculos nas estradas e ruas brasileiras.<\/em><\/p>\n","protected":false},"excerpt":{"rendered":"<p>O presidente Jair Bolsonaro informou nesta quinta-feira (11) em uma rede social que vetou um trecho de um projeto aprovado no Congresso Nacional que dava&hellip; <\/p>\n","protected":false},"author":2,"featured_media":173579,"comment_status":"closed","ping_status":"closed","sticky":false,"template":"","format":"standard","meta":{"sfsi_plus_gutenberg_text_before_share":"","sfsi_plus_gutenberg_show_text_before_share":"","sfsi_plus_gutenberg_icon_type":"","sfsi_plus_gutenberg_icon_alignemt":"","sfsi_plus_gutenburg_max_per_row":"","footnotes":""},"categories":[11],"tags":[],"class_list":["post-173863","post","type-post","status-publish","format-standard","has-post-thumbnail","hentry","category-politica"],"_links":{"self":[{"href":"https:\/\/www.caririemacao.com\/1\/wp-json\/wp\/v2\/posts\/173863","targetHints":{"allow":["GET"]}}],"collection":[{"href":"https:\/\/www.caririemacao.com\/1\/wp-json\/wp\/v2\/posts"}],"about":[{"href":"https:\/\/www.caririemacao.com\/1\/wp-json\/wp\/v2\/types\/post"}],"author":[{"embeddable":true,"href":"https:\/\/www.caririemacao.com\/1\/wp-json\/wp\/v2\/users\/2"}],"replies":[{"embeddable":true,"href":"https:\/\/www.caririemacao.com\/1\/wp-json\/wp\/v2\/comments?post=173863"}],"version-history":[{"count":1,"href":"https:\/\/www.caririemacao.com\/1\/wp-json\/wp\/v2\/posts\/173863\/revisions"}],"predecessor-version":[{"id":173864,"href":"https:\/\/www.caririemacao.com\/1\/wp-json\/wp\/v2\/posts\/173863\/revisions\/173864"}],"wp:featuredmedia":[{"embeddable":true,"href":"https:\/\/www.caririemacao.com\/1\/wp-json\/wp\/v2\/media\/173579"}],"wp:attachment":[{"href":"https:\/\/www.caririemacao.com\/1\/wp-json\/wp\/v2\/media?parent=173863"}],"wp:term":[{"taxonomy":"category","embeddable":true,"href":"https:\/\/www.caririemacao.com\/1\/wp-json\/wp\/v2\/categories?post=173863"},{"taxonomy":"post_tag","embeddable":true,"href":"https:\/\/www.caririemacao.com\/1\/wp-json\/wp\/v2\/tags?post=173863"}],"curies":[{"name":"wp","href":"https:\/\/api.w.org\/{rel}","templated":true}]}}