{"id":173866,"date":"2020-06-12T06:55:43","date_gmt":"2020-06-12T09:55:43","guid":{"rendered":"https:\/\/www.caririemacao.com\/1\/?p=173866"},"modified":"2020-06-12T06:55:43","modified_gmt":"2020-06-12T09:55:43","slug":"pesquisa-da-ufcg-paraiba-ainda-nao-chegou-ao-pico-da-pandemia","status":"publish","type":"post","link":"https:\/\/www.caririemacao.com\/1\/2020\/06\/12\/pesquisa-da-ufcg-paraiba-ainda-nao-chegou-ao-pico-da-pandemia\/","title":{"rendered":"Pesquisa da UFCG: Para\u00edba ainda n\u00e3o chegou ao pico da pandemia"},"content":{"rendered":"\n<h1 class=\"wp-block-heading\"><\/h1>\n\n\n\n<p>Foi divulgado nesta semana mais um relat\u00f3rio de pesquisa realizado pelo professor Josenildo Brito de Oliveira, da Unidade Acad\u00eamica de Engenharia de Produ\u00e7\u00e3o da Universidade Federal de Campina Grande (UFCG), com previs\u00f5es para o n\u00famero de casos e \u00f3bitos relacionados \u00e0 Covid-19 no Brasil, em S\u00e3o Paulo e na Para\u00edba.Segundo o trabalho, n\u00e3o h\u00e1 evid\u00eancia de que os n\u00fameros tenham alcan\u00e7ado a chamada \u201czona de plat\u00f4\u201d, ou seja, uma estagna\u00e7\u00e3o.\u201cOs n\u00fameros apontam uma tend\u00eancia crescente. Por esse motivo, ainda n\u00e3o se recomenda relaxar as medidas de conten\u00e7\u00e3o\u201d, advertiu o professor.<\/p>\n\n\n\n<p>At\u00e9 o pr\u00f3ximo domingo, 14, ele alerta que a Para\u00edba deve se aproximar do 29 mil casos de coronav\u00edrus, e de aproximadamente 640 \u00f3bitos pela pandemia. No Brasil, os n\u00fameros devem chegar aos 800 mil casos e 40 mil \u00f3bitos.Para realizar as previs\u00f5es, o professor Josenildo utiliza dados do Minist\u00e9rio da Sa\u00fade e governos de PB e SP. Tamb\u00e9m s\u00e3o obtidas informa\u00e7\u00f5es do site da conceituada Universidade Johns Hopkins (EUA). O trabalho ainda conta com a participa\u00e7\u00e3o do estudante Pedro Barbosa (UAEP\/CCT).<\/p>\n","protected":false},"excerpt":{"rendered":"<p>Foi divulgado nesta semana mais um relat\u00f3rio de pesquisa realizado pelo professor Josenildo Brito de Oliveira, da Unidade Acad\u00eamica de Engenharia de Produ\u00e7\u00e3o da Universidade&hellip; <\/p>\n","protected":false},"author":2,"featured_media":173867,"comment_status":"closed","ping_status":"closed","sticky":false,"template":"","format":"standard","meta":{"sfsi_plus_gutenberg_text_before_share":"","sfsi_plus_gutenberg_show_text_before_share":"","sfsi_plus_gutenberg_icon_type":"","sfsi_plus_gutenberg_icon_alignemt":"","sfsi_plus_gutenburg_max_per_row":"","footnotes":""},"categories":[2],"tags":[],"class_list":["post-173866","post","type-post","status-publish","format-standard","has-post-thumbnail","hentry","category-geral"],"_links":{"self":[{"href":"https:\/\/www.caririemacao.com\/1\/wp-json\/wp\/v2\/posts\/173866","targetHints":{"allow":["GET"]}}],"collection":[{"href":"https:\/\/www.caririemacao.com\/1\/wp-json\/wp\/v2\/posts"}],"about":[{"href":"https:\/\/www.caririemacao.com\/1\/wp-json\/wp\/v2\/types\/post"}],"author":[{"embeddable":true,"href":"https:\/\/www.caririemacao.com\/1\/wp-json\/wp\/v2\/users\/2"}],"replies":[{"embeddable":true,"href":"https:\/\/www.caririemacao.com\/1\/wp-json\/wp\/v2\/comments?post=173866"}],"version-history":[{"count":1,"href":"https:\/\/www.caririemacao.com\/1\/wp-json\/wp\/v2\/posts\/173866\/revisions"}],"predecessor-version":[{"id":173868,"href":"https:\/\/www.caririemacao.com\/1\/wp-json\/wp\/v2\/posts\/173866\/revisions\/173868"}],"wp:featuredmedia":[{"embeddable":true,"href":"https:\/\/www.caririemacao.com\/1\/wp-json\/wp\/v2\/media\/173867"}],"wp:attachment":[{"href":"https:\/\/www.caririemacao.com\/1\/wp-json\/wp\/v2\/media?parent=173866"}],"wp:term":[{"taxonomy":"category","embeddable":true,"href":"https:\/\/www.caririemacao.com\/1\/wp-json\/wp\/v2\/categories?post=173866"},{"taxonomy":"post_tag","embeddable":true,"href":"https:\/\/www.caririemacao.com\/1\/wp-json\/wp\/v2\/tags?post=173866"}],"curies":[{"name":"wp","href":"https:\/\/api.w.org\/{rel}","templated":true}]}}