{"id":173870,"date":"2020-06-12T06:58:30","date_gmt":"2020-06-12T09:58:30","guid":{"rendered":"https:\/\/www.caririemacao.com\/1\/?p=173870"},"modified":"2020-06-12T06:58:30","modified_gmt":"2020-06-12T09:58:30","slug":"prefeita-de-monteiro-suspende-cobranca-dos-emprestimos-consignados-dos-servidores-municipais","status":"publish","type":"post","link":"https:\/\/www.caririemacao.com\/1\/2020\/06\/12\/prefeita-de-monteiro-suspende-cobranca-dos-emprestimos-consignados-dos-servidores-municipais\/","title":{"rendered":"Prefeita de Monteiro suspende cobran\u00e7a dos empr\u00e9stimos consignados dos servidores municipais"},"content":{"rendered":"\n<h3 class=\"wp-block-heading\"><\/h3>\n\n\n\n<p>A prefeita Anna Lorena encaminhou \u00e0 C\u00e2mara Municipal de Monteiro um Projeto de Lei que disp\u00f5e sobre a suspens\u00e3o pelo per\u00edodo de 180 (cento e oitenta) dias, o desconto dos empr\u00e9stimos consignados no contra cheque dos servidores p\u00fablicos municipais, ativos inativos e pensionistas.<br>\u201c\u00c9 p\u00fablico e not\u00f3rio o grave problema econ\u00f4mico causado pela pandemia do COVID-19, e por interm\u00e9dio da proposi\u00e7\u00e3o, busca-se amenizar o preju\u00edzo causado aos servidores p\u00fablicos, para que possam destinar a renda que estaria destinada inicialmente para o pagamento das parcelas de poss\u00edveis empr\u00e9stimos consignados existentes para o incremento das necessidades b\u00e1sicas primordiais que aumentaram exponencialmente nos dias atuais\u201d, argumenta a prefeita.<br>O pedido feito pela gestora municipal, classificado como de grande import\u00e2ncia para o Munic\u00edpio, ser\u00e1 apreciado em regime de urg\u00eancia.<br>O an\u00fancio de mais esta a\u00e7\u00e3o em virtude da pandemia foi feito pela prefeita Anna Lorena na noite da \u00faltima quarta-feira, 10, durante sua live nas redes sociais, j\u00e1 ganhando a simpatia dos expectadores que classificaram a medida como excelente.<\/p>\n","protected":false},"excerpt":{"rendered":"<p>A prefeita Anna Lorena encaminhou \u00e0 C\u00e2mara Municipal de Monteiro um Projeto de Lei que disp\u00f5e sobre a suspens\u00e3o pelo per\u00edodo de 180 (cento e&hellip; <\/p>\n","protected":false},"author":2,"featured_media":173871,"comment_status":"closed","ping_status":"closed","sticky":false,"template":"","format":"standard","meta":{"sfsi_plus_gutenberg_text_before_share":"","sfsi_plus_gutenberg_show_text_before_share":"","sfsi_plus_gutenberg_icon_type":"","sfsi_plus_gutenberg_icon_alignemt":"","sfsi_plus_gutenburg_max_per_row":"","footnotes":""},"categories":[2],"tags":[],"class_list":["post-173870","post","type-post","status-publish","format-standard","has-post-thumbnail","hentry","category-geral"],"_links":{"self":[{"href":"https:\/\/www.caririemacao.com\/1\/wp-json\/wp\/v2\/posts\/173870","targetHints":{"allow":["GET"]}}],"collection":[{"href":"https:\/\/www.caririemacao.com\/1\/wp-json\/wp\/v2\/posts"}],"about":[{"href":"https:\/\/www.caririemacao.com\/1\/wp-json\/wp\/v2\/types\/post"}],"author":[{"embeddable":true,"href":"https:\/\/www.caririemacao.com\/1\/wp-json\/wp\/v2\/users\/2"}],"replies":[{"embeddable":true,"href":"https:\/\/www.caririemacao.com\/1\/wp-json\/wp\/v2\/comments?post=173870"}],"version-history":[{"count":1,"href":"https:\/\/www.caririemacao.com\/1\/wp-json\/wp\/v2\/posts\/173870\/revisions"}],"predecessor-version":[{"id":173872,"href":"https:\/\/www.caririemacao.com\/1\/wp-json\/wp\/v2\/posts\/173870\/revisions\/173872"}],"wp:featuredmedia":[{"embeddable":true,"href":"https:\/\/www.caririemacao.com\/1\/wp-json\/wp\/v2\/media\/173871"}],"wp:attachment":[{"href":"https:\/\/www.caririemacao.com\/1\/wp-json\/wp\/v2\/media?parent=173870"}],"wp:term":[{"taxonomy":"category","embeddable":true,"href":"https:\/\/www.caririemacao.com\/1\/wp-json\/wp\/v2\/categories?post=173870"},{"taxonomy":"post_tag","embeddable":true,"href":"https:\/\/www.caririemacao.com\/1\/wp-json\/wp\/v2\/tags?post=173870"}],"curies":[{"name":"wp","href":"https:\/\/api.w.org\/{rel}","templated":true}]}}