{"id":173874,"date":"2020-06-12T07:15:30","date_gmt":"2020-06-12T10:15:30","guid":{"rendered":"https:\/\/www.caririemacao.com\/1\/?p=173874"},"modified":"2020-06-12T07:15:30","modified_gmt":"2020-06-12T10:15:30","slug":"covid-19-brasil-tem-409-mil-mortes-e-802-mil-infectados","status":"publish","type":"post","link":"https:\/\/www.caririemacao.com\/1\/2020\/06\/12\/covid-19-brasil-tem-409-mil-mortes-e-802-mil-infectados\/","title":{"rendered":"Covid-19: Brasil tem 40,9 mil mortes e 802 mil infectados"},"content":{"rendered":"\n<p>O Brasil ultrapassou as\u00a040 mil mortes, segundo atualiza\u00e7\u00e3o do Minist\u00e9rio da Sa\u00fade\u00a0(11). O balan\u00e7o apontou 1.240 novas mortes e 30.412 novos casos de covid-19 nas \u00faltimas 24h. Com esses acr\u00e9scimos \u00e0s estat\u00edsticas, o pa\u00eds chegou a 40.919 falecimentos em fun\u00e7\u00e3o da pandemia do novo coronav\u00edrus e 802.828 pessoas infectadas. O pa\u00eds conta ainda com\u00a0416.314 pessoas\u00a0em observa\u00e7\u00e3o e 345.595 est\u00e3o recuperados.<img decoding=\"async\" data-src=\"https:\/\/agenciabrasil.ebc.com.br\/ebc.png?id=1309338&amp;o=node\" src=\"data:image\/svg+xml;base64,PHN2ZyB3aWR0aD0iMSIgaGVpZ2h0PSIxIiB4bWxucz0iaHR0cDovL3d3dy53My5vcmcvMjAwMC9zdmciPjwvc3ZnPg==\" class=\"lazyload\"><\/p>\n\n\n\n<p>O balan\u00e7o traz um aumento de 3,9% no n\u00famero de casos em rela\u00e7\u00e3o a&nbsp;ontem, quando o total estava em 772.416. J\u00e1 as mortes aumentaram 3,1% em compara\u00e7\u00e3o com o dado de&nbsp;ontem, quando foram contabilizadas 39.680.A taxa de letalidade (n\u00famero de mortes pela quantidade de casos confirmados) ficou em 5,1%. A taxa de mortalidade (falecimentos por 100.000 habitantes) foi de 19,5.<\/p>\n\n\n\n<p>Os estados com maior n\u00famero de \u00f3bitos s\u00e3o S\u00e3o Paulo (10.145), Rio&nbsp;de Janeiro&nbsp;(7.363), Cear\u00e1 (4.663), Par\u00e1 (4.030) e Pernambuco (3.633). Ainda figuram entres os com altos \u00edndices de v\u00edtimas fatais em fun\u00e7\u00e3o da pandemia Amazonas (2.400), Maranh\u00e3o (1.360), Bahia (1.013), Esp\u00edrito Santo (962), Alagoas (681) e Para\u00edba (570).<\/p>\n\n\n\n<p>Os estados com mais casos s\u00e3o S\u00e3o Paulo (162.520), Rio\u00a0de Janeiro\u00a0(75.775), Cear\u00e1 (73.879), Par\u00e1 (64.126) e Amazonas (53.989).<\/p>\n\n\n\n<p>EBC<\/p>\n","protected":false},"excerpt":{"rendered":"<p>O Brasil ultrapassou as\u00a040 mil mortes, segundo atualiza\u00e7\u00e3o do Minist\u00e9rio da Sa\u00fade\u00a0(11). O balan\u00e7o apontou 1.240 novas mortes e 30.412 novos casos de covid-19 nas&hellip; <\/p>\n","protected":false},"author":2,"featured_media":173719,"comment_status":"closed","ping_status":"closed","sticky":false,"template":"","format":"standard","meta":{"sfsi_plus_gutenberg_text_before_share":"","sfsi_plus_gutenberg_show_text_before_share":"","sfsi_plus_gutenberg_icon_type":"","sfsi_plus_gutenberg_icon_alignemt":"","sfsi_plus_gutenburg_max_per_row":"","footnotes":""},"categories":[2],"tags":[],"class_list":["post-173874","post","type-post","status-publish","format-standard","has-post-thumbnail","hentry","category-geral"],"_links":{"self":[{"href":"https:\/\/www.caririemacao.com\/1\/wp-json\/wp\/v2\/posts\/173874","targetHints":{"allow":["GET"]}}],"collection":[{"href":"https:\/\/www.caririemacao.com\/1\/wp-json\/wp\/v2\/posts"}],"about":[{"href":"https:\/\/www.caririemacao.com\/1\/wp-json\/wp\/v2\/types\/post"}],"author":[{"embeddable":true,"href":"https:\/\/www.caririemacao.com\/1\/wp-json\/wp\/v2\/users\/2"}],"replies":[{"embeddable":true,"href":"https:\/\/www.caririemacao.com\/1\/wp-json\/wp\/v2\/comments?post=173874"}],"version-history":[{"count":1,"href":"https:\/\/www.caririemacao.com\/1\/wp-json\/wp\/v2\/posts\/173874\/revisions"}],"predecessor-version":[{"id":173876,"href":"https:\/\/www.caririemacao.com\/1\/wp-json\/wp\/v2\/posts\/173874\/revisions\/173876"}],"wp:featuredmedia":[{"embeddable":true,"href":"https:\/\/www.caririemacao.com\/1\/wp-json\/wp\/v2\/media\/173719"}],"wp:attachment":[{"href":"https:\/\/www.caririemacao.com\/1\/wp-json\/wp\/v2\/media?parent=173874"}],"wp:term":[{"taxonomy":"category","embeddable":true,"href":"https:\/\/www.caririemacao.com\/1\/wp-json\/wp\/v2\/categories?post=173874"},{"taxonomy":"post_tag","embeddable":true,"href":"https:\/\/www.caririemacao.com\/1\/wp-json\/wp\/v2\/tags?post=173874"}],"curies":[{"name":"wp","href":"https:\/\/api.w.org\/{rel}","templated":true}]}}