{"id":173878,"date":"2020-06-12T07:18:40","date_gmt":"2020-06-12T10:18:40","guid":{"rendered":"https:\/\/www.caririemacao.com\/1\/?p=173878"},"modified":"2020-06-12T07:18:40","modified_gmt":"2020-06-12T10:18:40","slug":"auxilio-emergencial-pagamento-da-segunda-parcela-vai-ate-dia-13-2","status":"publish","type":"post","link":"https:\/\/www.caririemacao.com\/1\/2020\/06\/12\/auxilio-emergencial-pagamento-da-segunda-parcela-vai-ate-dia-13-2\/","title":{"rendered":"Aux\u00edlio emergencial: pagamento da segunda parcela vai at\u00e9 dia 13"},"content":{"rendered":"\n<p>O pagamento da segunda parcela do aux\u00edlio emergencial ser\u00e1 feito at\u00e9 o dia 13 de junho. O calend\u00e1rio seguir\u00e1 conforme o m\u00eas de nascimento dos benefici\u00e1rios. Os nascidos em outubro; no dia 12, os de novembro e no dia 13, os de dezembro. <\/p>\n\n\n\n<p>A informa\u00e7\u00e3o foi divulgada nesta ter\u00e7a-feira na entrevista virtual da Caixa Econ\u00f4mica Federal, institui\u00e7\u00e3o financeira respons\u00e1vel pela gest\u00e3o do programa de aux\u00edlio emergencial.<\/p>\n\n\n\n<p>Segundo a vice-presidente de governo do banco, Tatiane Thom\u00e9, at\u00e9 o momento foram repassados R$ 76,6 bilh\u00f5es. Estes valores se referem a 59,2 milh\u00f5es de pessoas aprovadas para o recebimento do aux\u00edlio. No total, 107 milh\u00f5es de brasileiros pleitearam o apoio e 101 milh\u00f5es foram processados.<\/p>\n\n\n\n<p>Mais 10,5 milh\u00f5es de pessoas est\u00e3o com os requerimentos em an\u00e1lise. \u201cA an\u00e1lise e rean\u00e1lise ocorre seja por problema de informa\u00e7\u00f5es, como falta de informa\u00e7\u00f5es, seja porque os dados estavam incorretos e precisaram ser corrigidos\u201d, explicou a representante do banco na apresenta\u00e7\u00e3o virtual.<\/p>\n\n\n\n<p>Assim, o n\u00famero total de benefici\u00e1rios ainda pode subir. As inscri\u00e7\u00f5es est\u00e3o abertas at\u00e9 o dia 3 de julho.<\/p>\n\n\n\n<h2 class=\"wp-block-heading\">Apps<\/h2>\n\n\n\n<p>De acordo com a Caixa, at\u00e9 o momento o app do aux\u00edlio emergencial foi baixado por 94,3 milh\u00f5es de pessoas. O app CaixaTem, utilizado para fazer transa\u00e7\u00f5es financeiras, foi baixado por 116,6 milh\u00f5es de pessoas. As visitas ao site somaram 1,23 bilh\u00e3o e os atendimentos na central telef\u00f4nica 111 totalizaram 255,2 milh\u00f5es.<\/p>\n\n\n\n<p>A vice-presidente de governo da Caixa informou que a nova vers\u00e3o do app CaixaTem incorporou a funcionalidade do pagamento utilizando o QRcode. \u201cN\u00e3o precisa de cart\u00e3o. Foi uma grande conquista e os cidad\u00e3os est\u00e3o aprendendo. Isso minimiza muito necessidade de aglomera\u00e7\u00f5es para saque de recursos em esp\u00e9cie. Podemos, atrav\u00e9s do CaixaTem, utilizar sua conta no estabelecimento f\u00edsico\u201d, disse.<\/p>\n\n\n\n<p>O app tamb\u00e9m permite o saque do recurso. Esse procedimento pode ser feito por meio da gera\u00e7\u00e3o de um c\u00f3digo que possibilita ao usu\u00e1rio ir a um caixa eletr\u00f4nico ou a uma lot\u00e9rica e conseguir realizar o saque.<\/p>\n\n\n\n<h2 class=\"wp-block-heading\">D\u00favidas e cr\u00edticas<\/h2>\n\n\n\n<p>A vice-presidente respondeu a questionamentos e d\u00favidas de pessoas que acompanharam a live pelos canais do banco, cerca de 6,5 mil em m\u00e9dia. Diversos usu\u00e1rios publicaram nos coment\u00e1rios reclama\u00e7\u00f5es sobre problemas de funcionamento dos apps em aparelhos mais simples, dificuldade de resolver pend\u00eancias e demora nas an\u00e1lises<\/p>\n\n\n\n<p>A representante optou por responder a d\u00favidas, como estorno, troca de informa\u00e7\u00f5es cadastrais e tempos do pagamento. Sobre a dificuldade de receber as parcelas, ela afirmou que a an\u00e1lise \u00e9 feita pela empresa Dataprev e \u00e9 poss\u00edvel que entre a primeira ou segunda parcela exista uma nova verifica\u00e7\u00e3o do benefici\u00e1rio. Ela lembrou que \u00e9 poss\u00edvel contestar pelo app ou pelo n\u00famero 121 do Minist\u00e9rio da Cidadania.<\/p>\n\n\n\n<h2 class=\"wp-block-heading\">Bem<\/h2>\n\n\n\n<p>Tatiane apresentou n\u00fameros tamb\u00e9m sobre o benef\u00edcio pago em raz\u00e3o dos acordos de suspens\u00e3o dos contratos de trabalho ou redu\u00e7\u00e3o de jornada, bem como os com regimes de jornada intermitente. Os valores s\u00e3o repassados a trabalhadores com conta na Caixa ou que n\u00e3o possuam conta em nenhum banco, para quem s\u00e3o abertas poupan\u00e7as sociais na institui\u00e7\u00e3o.<\/p>\n\n\n\n<p>O pagamento deste benef\u00edcio come\u00e7ou no dia 4 de maio. At\u00e9 o momento foram transferidos R$ 3,8 bilh\u00f5es a 3,2 milh\u00f5es de trabalhadores. Em junho est\u00e1 sendo repassada a 2\u00aa parcela para quem recebeu no come\u00e7o do m\u00eas passado e a 1\u00aa para quem n\u00e3o foi contemplado. Do total, 3,2 milh\u00f5es pessoas tiveram cr\u00e9dito em conta com a 1\u00aa parcela e 800 mil com a 2\u00aa parcela at\u00e9 o momento.<\/p>\n","protected":false},"excerpt":{"rendered":"<p>O pagamento da segunda parcela do aux\u00edlio emergencial ser\u00e1 feito at\u00e9 o dia 13 de junho. O calend\u00e1rio seguir\u00e1 conforme o m\u00eas de nascimento dos&hellip; <\/p>\n","protected":false},"author":2,"featured_media":173707,"comment_status":"closed","ping_status":"closed","sticky":false,"template":"","format":"standard","meta":{"sfsi_plus_gutenberg_text_before_share":"","sfsi_plus_gutenberg_show_text_before_share":"","sfsi_plus_gutenberg_icon_type":"","sfsi_plus_gutenberg_icon_alignemt":"","sfsi_plus_gutenburg_max_per_row":"","footnotes":""},"categories":[2],"tags":[],"class_list":["post-173878","post","type-post","status-publish","format-standard","has-post-thumbnail","hentry","category-geral"],"_links":{"self":[{"href":"https:\/\/www.caririemacao.com\/1\/wp-json\/wp\/v2\/posts\/173878","targetHints":{"allow":["GET"]}}],"collection":[{"href":"https:\/\/www.caririemacao.com\/1\/wp-json\/wp\/v2\/posts"}],"about":[{"href":"https:\/\/www.caririemacao.com\/1\/wp-json\/wp\/v2\/types\/post"}],"author":[{"embeddable":true,"href":"https:\/\/www.caririemacao.com\/1\/wp-json\/wp\/v2\/users\/2"}],"replies":[{"embeddable":true,"href":"https:\/\/www.caririemacao.com\/1\/wp-json\/wp\/v2\/comments?post=173878"}],"version-history":[{"count":1,"href":"https:\/\/www.caririemacao.com\/1\/wp-json\/wp\/v2\/posts\/173878\/revisions"}],"predecessor-version":[{"id":173879,"href":"https:\/\/www.caririemacao.com\/1\/wp-json\/wp\/v2\/posts\/173878\/revisions\/173879"}],"wp:featuredmedia":[{"embeddable":true,"href":"https:\/\/www.caririemacao.com\/1\/wp-json\/wp\/v2\/media\/173707"}],"wp:attachment":[{"href":"https:\/\/www.caririemacao.com\/1\/wp-json\/wp\/v2\/media?parent=173878"}],"wp:term":[{"taxonomy":"category","embeddable":true,"href":"https:\/\/www.caririemacao.com\/1\/wp-json\/wp\/v2\/categories?post=173878"},{"taxonomy":"post_tag","embeddable":true,"href":"https:\/\/www.caririemacao.com\/1\/wp-json\/wp\/v2\/tags?post=173878"}],"curies":[{"name":"wp","href":"https:\/\/api.w.org\/{rel}","templated":true}]}}