{"id":173884,"date":"2020-06-12T07:26:14","date_gmt":"2020-06-12T10:26:14","guid":{"rendered":"https:\/\/www.caririemacao.com\/1\/?p=173884"},"modified":"2020-06-12T07:26:14","modified_gmt":"2020-06-12T10:26:14","slug":"fim-do-bolsa-familia-e-inicio-do-renda-brasil-entenda-o-que-pode-mudar-no-seu-bolso","status":"publish","type":"post","link":"https:\/\/www.caririemacao.com\/1\/2020\/06\/12\/fim-do-bolsa-familia-e-inicio-do-renda-brasil-entenda-o-que-pode-mudar-no-seu-bolso\/","title":{"rendered":"Fim do Bolsa Fam\u00edlia e in\u00edcio do Renda Brasil: entenda o que pode mudar no SEU bolso!"},"content":{"rendered":"\n<p>O ministro da Economia, Paulo Guedes, anunciou o novo <strong>Programa Renda Brasil <\/strong>que n\u00e3o s\u00f3 substituir\u00e1 o Bolsa Fam\u00edlia como tamb\u00e9m unificar\u00e1 programas sociais, como o aux\u00edlio emergencial.<\/p>\n\n\n\n<p>Como o novo programa vai funcionar, as novas regras e como fazer a transi\u00e7\u00e3o ainda n\u00e3o est\u00e3o claros. O an\u00fancio do ministro, no entanto, deixou claro que o novo programa ser\u00e1 destinado aos 38 milh\u00f5es de brasileiros cadastrados no aux\u00edlio emergencial, e que tamb\u00e9m ter\u00e1 impacto sobre os regimes de contrata\u00e7\u00f5es.<\/p>\n\n\n\n<p>Gosto muito de uma frase do ex-presidente uruguaio Mujica: <em>\u201cOs que comem bem, dormem bem e vivem em boas casas, acham que o governo gasta muito dinheiro com pol\u00edticas sociais.\u201d<\/em><\/p>\n\n\n\n<p>O Programa Bolsa Fam\u00edlia custa aos cofres p\u00fablicos menos de 3% do investimento federal e representa 0,5% do PIB brasileiro.<\/p>\n\n\n\n<p>Apesar de representar uma pequena parcela de como s\u00e3o usados nossos impostos, o programa ajuda no sustento e alimenta\u00e7\u00e3o de milh\u00f5es de fam\u00edlias brasileiras. Junto com outras pol\u00edticas sociais, o programa foi um dos respons\u00e1veis pela sa\u00edda do Brasil do mapa da fome.<\/p>\n\n\n\n<p>Longe de ser perfeito, o programa ainda tem pontos a serem aprimorados, como foi a concess\u00e3o do 13\u00ba sal\u00e1rio durante o governo atual. O programa tamb\u00e9m prev\u00ea ajustes nos valores, que n\u00e3o acontecem desde 2016, al\u00e9m de sofrer atualmente com filas de espera para novas fam\u00edlias cadastradas.<\/p>\n","protected":false},"excerpt":{"rendered":"<p>O ministro da Economia, Paulo Guedes, anunciou o novo Programa Renda Brasil que n\u00e3o s\u00f3 substituir\u00e1 o Bolsa Fam\u00edlia como tamb\u00e9m unificar\u00e1 programas sociais, como&hellip; <\/p>\n","protected":false},"author":2,"featured_media":171922,"comment_status":"closed","ping_status":"closed","sticky":false,"template":"","format":"standard","meta":{"sfsi_plus_gutenberg_text_before_share":"","sfsi_plus_gutenberg_show_text_before_share":"","sfsi_plus_gutenberg_icon_type":"","sfsi_plus_gutenberg_icon_alignemt":"","sfsi_plus_gutenburg_max_per_row":"","footnotes":""},"categories":[50,2],"tags":[],"class_list":["post-173884","post","type-post","status-publish","format-standard","has-post-thumbnail","hentry","category-destaque","category-geral"],"_links":{"self":[{"href":"https:\/\/www.caririemacao.com\/1\/wp-json\/wp\/v2\/posts\/173884","targetHints":{"allow":["GET"]}}],"collection":[{"href":"https:\/\/www.caririemacao.com\/1\/wp-json\/wp\/v2\/posts"}],"about":[{"href":"https:\/\/www.caririemacao.com\/1\/wp-json\/wp\/v2\/types\/post"}],"author":[{"embeddable":true,"href":"https:\/\/www.caririemacao.com\/1\/wp-json\/wp\/v2\/users\/2"}],"replies":[{"embeddable":true,"href":"https:\/\/www.caririemacao.com\/1\/wp-json\/wp\/v2\/comments?post=173884"}],"version-history":[{"count":1,"href":"https:\/\/www.caririemacao.com\/1\/wp-json\/wp\/v2\/posts\/173884\/revisions"}],"predecessor-version":[{"id":173885,"href":"https:\/\/www.caririemacao.com\/1\/wp-json\/wp\/v2\/posts\/173884\/revisions\/173885"}],"wp:featuredmedia":[{"embeddable":true,"href":"https:\/\/www.caririemacao.com\/1\/wp-json\/wp\/v2\/media\/171922"}],"wp:attachment":[{"href":"https:\/\/www.caririemacao.com\/1\/wp-json\/wp\/v2\/media?parent=173884"}],"wp:term":[{"taxonomy":"category","embeddable":true,"href":"https:\/\/www.caririemacao.com\/1\/wp-json\/wp\/v2\/categories?post=173884"},{"taxonomy":"post_tag","embeddable":true,"href":"https:\/\/www.caririemacao.com\/1\/wp-json\/wp\/v2\/tags?post=173884"}],"curies":[{"name":"wp","href":"https:\/\/api.w.org\/{rel}","templated":true}]}}