{"id":173892,"date":"2020-06-12T08:24:56","date_gmt":"2020-06-12T11:24:56","guid":{"rendered":"https:\/\/www.caririemacao.com\/1\/?p=173892"},"modified":"2020-06-12T08:24:56","modified_gmt":"2020-06-12T11:24:56","slug":"bolsonaro-diz-que-vetara-extensao-do-auxilio-emergencial-se-congresso-fixar-valor-em-r-600","status":"publish","type":"post","link":"https:\/\/www.caririemacao.com\/1\/2020\/06\/12\/bolsonaro-diz-que-vetara-extensao-do-auxilio-emergencial-se-congresso-fixar-valor-em-r-600\/","title":{"rendered":"Bolsonaro diz que vetar\u00e1 extens\u00e3o do aux\u00edlio emergencial se Congresso fixar valor em R$ 600"},"content":{"rendered":"\n<p>O presidente Jair Bolsonaro afirmou, nesta quinta-feira (11), que pretende vetar a prorroga\u00e7\u00e3o do aux\u00edlio emergencial motivado pela pandemia do coronav\u00edrus se o Congresso decidir pela manuten\u00e7\u00e3o do valor atual, de R$ 600.<\/p>\n\n\n\n<p>A declara\u00e7\u00e3o foi dada durante transmiss\u00e3o em rede social. Na \u00faltima semana, o Minist\u00e9rio da Economia informou que pretende pagar duas parcelas adicionais, no valor de R$ 300 cada. O presidente da C\u00e2mara, Rodrigo Maia (DEM-RJ), defende a manuten\u00e7\u00e3o dos R$ 600 mensais.<\/p>\n\n\n\n<p>&#8220;Na C\u00e2mara por exemplo, vamos supor que chegue uma proposta de duas [parcelas] de R$ 300. Se a C\u00e2mara quiser passar para R$ 400, R$ 500, ou voltar para R$ 600, qual vai ser a decis\u00e3o minha? Para que o Brasil n\u00e3o quebre? Se pagar mais duas de R$ 600, vamos ter uma d\u00edvida cada vez mais impag\u00e1vel. \u00c9 o veto&#8221;, declarou Jair Bolsonaro.<\/p>\n\n\n\n<p>Segundo o presidente, o pagamento de duas parcelas adicionais de R$ 600 ao p\u00fablico que j\u00e1 recebe o aux\u00edlio emergencial geraria um impacto adicional de R$ 100 bilh\u00f5es nas contas p\u00fablicas. O que, diz Bolsonaro, atrapalharia na gest\u00e3o da d\u00edvida p\u00fablica e da taxa b\u00e1sica de juros da economia (taxa Selic).<\/p>\n\n\n\n<p>&#8220;Se n\u00f3s n\u00e3o tivermos cuidado, a Selic pode subir, volta a ser o para\u00edso dos rentistas, o Brasil, o que a gente chama de agiotagem legalizada. A juros sobe, e cada vez mais o que n\u00f3s produzirmos de riqueza vai pra pagar juros da d\u00edvida. Ou seja, e a desgra\u00e7a vem a\u00ed. Se o Brasil quebrar, pessoal, n\u00e3o tem pra ningu\u00e9m. N\u00e3o tem pra ningu\u00e9m&#8221;, declarou.<\/p>\n\n\n\n<p>&#8220;E a gente tem que ter responsabilidade. Quem \u00e9 a gente? \u00c9 o Poder Executivo, o Poder Legislativo, o Judici\u00e1rio que interfere tamb\u00e9m em muitas a\u00e7\u00f5es que, no meu entendimento, n\u00e3o tinha que interferir.&#8221;<\/p>\n\n\n\n<p>Em entrevista nesta semana, Rodrigo Maia afirmou que, para prorrogar o aux\u00edlio com valor menor, o governo federal ter\u00e1 de enviar um novo projeto de lei ao Congresso. At\u00e9 esta quinta, esse texto n\u00e3o havia sido protocolado na C\u00e2mara dos Deputados.<\/p>\n\n\n\n<p>At\u00e9 o momento, duas das tr\u00eas parcelas previstas de R$ 600 j\u00e1 foram depositadas nas contas dos benefici\u00e1rios. H\u00e1, ainda, cadastros pendentes de an\u00e1lise na Caixa Econ\u00f4mica e na estatal Dataprev, que faz a checagem dos dados.<\/p>\n\n\n\n<p>O aux\u00edlio emergencial de R$ 600 pago a informais, desempregados e fam\u00edlias mais afetadas economicamente pelo coronav\u00edrus. O cronograma da terceira parcela, segundo Bolsonaro, pode ser divulgado na pr\u00f3xima semana.<\/p>\n\n\n\n<p><strong>Valor em disputa<\/strong><\/p>\n\n\n\n<p>Antes mesmo que a proposta em si comece a tramitar, o valor da poss\u00edvel extens\u00e3o do aux\u00edlio emergencial j\u00e1 causou disputa entre Bolsonaro e Maia.<\/p>\n\n\n\n<p>Ao comentar o an\u00fancio da equipe econ\u00f4mica, de duas parcelas adicionais de R$ 300, Maia disse que seria necess\u00e1rio encontrar &#8220;solu\u00e7\u00f5es dentro do or\u00e7amento&#8221; para restaurar o valor original.<\/p>\n\n\n\n<p>&#8220;Se \u00e9 um impacto grande, vamos tentar construir solu\u00e7\u00f5es dentro tamb\u00e9m do or\u00e7amento fiscal normal para ver se a gente tem espa\u00e7o onde a gente consiga construir uma solu\u00e7\u00e3o junto com o governo para que a gente possa fazer a manuten\u00e7\u00e3o do valor de R$ 600 por pelo menos mais 60 dias\u201d, afirmou h\u00e1 uma semana.<\/p>\n\n\n\n<p>Dias depois, em declara\u00e7\u00e3o na porta do Pal\u00e1cio da Alvorada, Bolsonaro disse que aceitaria o valor de R$ 600 desde que deputados e senadores cortassem nos pr\u00f3prios sal\u00e1rios.<\/p>\n\n\n\n<p>\u201cEu sei que tem parlamentar que quer mais duas de R$ 600. Tudo bem, se tivermos um programa para diminuir o sal\u00e1rio do parlamentar, a metade, grande parte do sal\u00e1rio desses parlamentares ser usado para pagar isso a\u00ed, tudo bem\u201d, disse Bolsonaro.<\/p>\n\n\n\n<p>No mesmo dia, Maia foi questionado sobre a declara\u00e7\u00e3o. E disse que concordaria, desde que o &#8220;sacrif\u00edcio&#8221; nos rendimentos fosse estendido a todo o funcionalismo federal, incluindo Executivo e Judici\u00e1rio.<\/p>\n\n\n\n<p>\u201cSe todos os poderes topassem cortar um valor, que seja por 6 meses, 10%, ou um percentual maior por menos tempo para garantir os R$ 600, eu tenho certeza que o parlamento vai participar e vai defender. N\u00e3o tem nenhum problema\u201d, declarou Maia.<\/p>\n","protected":false},"excerpt":{"rendered":"<p>O presidente Jair Bolsonaro afirmou, nesta quinta-feira (11), que pretende vetar a prorroga\u00e7\u00e3o do aux\u00edlio emergencial motivado pela pandemia do coronav\u00edrus se o Congresso decidir&hellip; <\/p>\n","protected":false},"author":2,"featured_media":171864,"comment_status":"closed","ping_status":"closed","sticky":false,"template":"","format":"standard","meta":{"sfsi_plus_gutenberg_text_before_share":"","sfsi_plus_gutenberg_show_text_before_share":"","sfsi_plus_gutenberg_icon_type":"","sfsi_plus_gutenberg_icon_alignemt":"","sfsi_plus_gutenburg_max_per_row":"","footnotes":""},"categories":[50,11],"tags":[],"class_list":["post-173892","post","type-post","status-publish","format-standard","has-post-thumbnail","hentry","category-destaque","category-politica"],"_links":{"self":[{"href":"https:\/\/www.caririemacao.com\/1\/wp-json\/wp\/v2\/posts\/173892","targetHints":{"allow":["GET"]}}],"collection":[{"href":"https:\/\/www.caririemacao.com\/1\/wp-json\/wp\/v2\/posts"}],"about":[{"href":"https:\/\/www.caririemacao.com\/1\/wp-json\/wp\/v2\/types\/post"}],"author":[{"embeddable":true,"href":"https:\/\/www.caririemacao.com\/1\/wp-json\/wp\/v2\/users\/2"}],"replies":[{"embeddable":true,"href":"https:\/\/www.caririemacao.com\/1\/wp-json\/wp\/v2\/comments?post=173892"}],"version-history":[{"count":1,"href":"https:\/\/www.caririemacao.com\/1\/wp-json\/wp\/v2\/posts\/173892\/revisions"}],"predecessor-version":[{"id":173893,"href":"https:\/\/www.caririemacao.com\/1\/wp-json\/wp\/v2\/posts\/173892\/revisions\/173893"}],"wp:featuredmedia":[{"embeddable":true,"href":"https:\/\/www.caririemacao.com\/1\/wp-json\/wp\/v2\/media\/171864"}],"wp:attachment":[{"href":"https:\/\/www.caririemacao.com\/1\/wp-json\/wp\/v2\/media?parent=173892"}],"wp:term":[{"taxonomy":"category","embeddable":true,"href":"https:\/\/www.caririemacao.com\/1\/wp-json\/wp\/v2\/categories?post=173892"},{"taxonomy":"post_tag","embeddable":true,"href":"https:\/\/www.caririemacao.com\/1\/wp-json\/wp\/v2\/tags?post=173892"}],"curies":[{"name":"wp","href":"https:\/\/api.w.org\/{rel}","templated":true}]}}