{"id":173895,"date":"2020-06-12T08:26:46","date_gmt":"2020-06-12T11:26:46","guid":{"rendered":"https:\/\/www.caririemacao.com\/1\/?p=173895"},"modified":"2020-06-12T08:26:46","modified_gmt":"2020-06-12T11:26:46","slug":"homem-e-preso-suspeito-de-estuprar-a-enteada-de-14-anos-na-paraiba","status":"publish","type":"post","link":"https:\/\/www.caririemacao.com\/1\/2020\/06\/12\/homem-e-preso-suspeito-de-estuprar-a-enteada-de-14-anos-na-paraiba\/","title":{"rendered":"Homem \u00e9 preso suspeito de estuprar a enteada de 14 anos na Para\u00edba"},"content":{"rendered":"\n<p>Um homem foi preso nesta quinta-feira (11), suspeito de estuprar a enteada de 14 anos, na cidade de Coremas, na Para\u00edba. O crime foi denunciado pela m\u00e3e da v\u00edtima, ap\u00f3s encontrar v\u00eddeos que mostravam o estupro.<\/p>\n\n\n\n<p>A adolescente disse \u00e0 Pol\u00edcia que os estupros aconteciam desde que ela tinha 11 anos. Ela informou que o homem esperava a m\u00e3e dela sair de casa para cometer o crime.<\/p>\n\n\n\n<p>Ele costumava gravar os abusos e obrigava a menina a sorrir para c\u00e2mera e avisava que se ela chorasse a obrigava a recome\u00e7ar. A menina ainda afirmou que ele a amea\u00e7ava dizendo que mataria a m\u00e3e ou qualquer outra pessoa&nbsp;a quem ela contasse sobre o crime.<\/p>\n\n\n\n<p>O homem foi preso e levado para a Delegacia de Pol\u00edcia Civil de Pianc\u00f3.<\/p>\n\n\n\n<p><em>Click PB<\/em><\/p>\n","protected":false},"excerpt":{"rendered":"<p>Um homem foi preso nesta quinta-feira (11), suspeito de estuprar a enteada de 14 anos, na cidade de Coremas, na Para\u00edba. O crime foi denunciado&hellip; <\/p>\n","protected":false},"author":2,"featured_media":173896,"comment_status":"closed","ping_status":"closed","sticky":false,"template":"","format":"standard","meta":{"sfsi_plus_gutenberg_text_before_share":"","sfsi_plus_gutenberg_show_text_before_share":"","sfsi_plus_gutenberg_icon_type":"","sfsi_plus_gutenberg_icon_alignemt":"","sfsi_plus_gutenburg_max_per_row":"","footnotes":""},"categories":[12],"tags":[],"class_list":["post-173895","post","type-post","status-publish","format-standard","has-post-thumbnail","hentry","category-policia"],"_links":{"self":[{"href":"https:\/\/www.caririemacao.com\/1\/wp-json\/wp\/v2\/posts\/173895","targetHints":{"allow":["GET"]}}],"collection":[{"href":"https:\/\/www.caririemacao.com\/1\/wp-json\/wp\/v2\/posts"}],"about":[{"href":"https:\/\/www.caririemacao.com\/1\/wp-json\/wp\/v2\/types\/post"}],"author":[{"embeddable":true,"href":"https:\/\/www.caririemacao.com\/1\/wp-json\/wp\/v2\/users\/2"}],"replies":[{"embeddable":true,"href":"https:\/\/www.caririemacao.com\/1\/wp-json\/wp\/v2\/comments?post=173895"}],"version-history":[{"count":1,"href":"https:\/\/www.caririemacao.com\/1\/wp-json\/wp\/v2\/posts\/173895\/revisions"}],"predecessor-version":[{"id":173897,"href":"https:\/\/www.caririemacao.com\/1\/wp-json\/wp\/v2\/posts\/173895\/revisions\/173897"}],"wp:featuredmedia":[{"embeddable":true,"href":"https:\/\/www.caririemacao.com\/1\/wp-json\/wp\/v2\/media\/173896"}],"wp:attachment":[{"href":"https:\/\/www.caririemacao.com\/1\/wp-json\/wp\/v2\/media?parent=173895"}],"wp:term":[{"taxonomy":"category","embeddable":true,"href":"https:\/\/www.caririemacao.com\/1\/wp-json\/wp\/v2\/categories?post=173895"},{"taxonomy":"post_tag","embeddable":true,"href":"https:\/\/www.caririemacao.com\/1\/wp-json\/wp\/v2\/tags?post=173895"}],"curies":[{"name":"wp","href":"https:\/\/api.w.org\/{rel}","templated":true}]}}