{"id":173899,"date":"2020-06-12T08:29:20","date_gmt":"2020-06-12T11:29:20","guid":{"rendered":"https:\/\/www.caririemacao.com\/1\/?p=173899"},"modified":"2020-06-12T08:29:20","modified_gmt":"2020-06-12T11:29:20","slug":"caixa-libera-r-1-045-do-fgts-a-partir-desta-segunda-feira-15-veja-detalhes","status":"publish","type":"post","link":"https:\/\/www.caririemacao.com\/1\/2020\/06\/12\/caixa-libera-r-1-045-do-fgts-a-partir-desta-segunda-feira-15-veja-detalhes\/","title":{"rendered":"Caixa libera R$ 1.045 do FGTS a partir desta segunda-feira (15); veja detalhes"},"content":{"rendered":"\n<p>O governo deve liberar na segunda-feira (15) o acesso a at\u00e9 R$ 1.045 do Fundo de Garantia do Tempo de Servi\u00e7o (FGTS) para todos os trabalhadores que tenham saldo em contas ativas ou inativas. No entanto, por 30 dias (de 15 de junho a 15 de julho), os R$ 36 bilh\u00f5es do novo&nbsp;<strong>\u201csaque emergencial\u201d<\/strong>&nbsp;do FGTS s\u00f3 estar\u00e3o dispon\u00edveis no aplicativo&nbsp;<strong>Caixa Tem, o mesmo usado por benefici\u00e1rios do aux\u00edlio emergencial.<\/strong><\/p>\n\n\n\n<p>Segundo a Medida Provis\u00f3ria (MP) 946, o saque emergencial do FGTS deve come\u00e7ar na pr\u00f3xima segunda. O problema \u00e9 que, at\u00e9 agora, o governo ainda n\u00e3o detalhou como ser\u00e3o feitas essas retiradas e o calend\u00e1rio fixo por m\u00eas. A expectativa que o detalhamento seja divulgado nesta sexta-feira (12).<\/p>\n\n\n\n<p><strong>O que se sabe at\u00e9 agora<\/strong><\/p>\n\n\n\n<p>A MP foi publicada em 8 de abril e autoriza os trabalhadores a sacarem at\u00e9 R$ 1.045 das suas contas no Fundo. Pelos c\u00e1lculos da equipe econ\u00f4mica, at\u00e9 R$ 36,2 milh\u00f5es podem ser liberados a aproximadamente 60,8 milh\u00f5es de trabalhadores. Por isso, a medida provis\u00f3ria tamb\u00e9m determina que obten\u00e7\u00e3o do dinheiro come\u00e7a em 15 de junho, mas poder\u00e1 ser estendida at\u00e9 31 de dezembro deste ano, \u201cconforme cronograma de atendimento, crit\u00e9rios e forma estabelecidos pela Caixa Econ\u00f4mica Federal\u201d.<\/p>\n\n\n\n<p>O banco estatal \u00e9 o operador do FGTS e, nas \u00faltimas movimenta\u00e7\u00f5es como essa, estabeleceu calend\u00e1rios escalonados, de acordo com o m\u00eas de nascimento do trabalhador, para os saques. O sequenciamento tenta evitar a forma\u00e7\u00e3o de filas e aglomera\u00e7\u00f5es nas ag\u00eancias e garantir que n\u00e3o faltar\u00e1 dinheiro no banco para esses trabalhadores. A apenas tr\u00eas dias do in\u00edcio dos saques, contudo, a Caixa ainda n\u00e3o estabeleceu como ser\u00e1 esse escalonamento desta vez.<\/p>\n\n\n\n<p>Logo que saiu a MP 946, o banco pediu um tempo para apresentar o calend\u00e1rio de saques, pois estava envolvido na organiza\u00e7\u00e3o do aux\u00edlio emergencial. Por\u00e9m, mesmo depois que conseguiu colocar o pagamento dos R$ 600 em dia, o banco n\u00e3o apresentou mais informa\u00e7\u00f5es sobre o FGTS. Pedro Guimar\u00e3es, presidente do Banco, s\u00f3 adiantou que, para evitar tumulto nas ag\u00eancias, as retiradas do Fundo seguir\u00e3o os mesmos moldes do pagamento da segunda parcela do aux\u00edlio emergencial. Ou seja: ser\u00e3o liberados, primeiramente, em uma conta digital da Caixa, que pode ser movimentada exclusivamente pelo aplicativo Caixa Tem; s\u00f3 depois poder\u00e3o ser sacados em esp\u00e9cie ou transferidos para contas de outros bancos.<\/p>\n\n\n\n<p><strong>Quem recebe<\/strong><\/p>\n\n\n\n<p>Mas a Caixa ainda n\u00e3o informou se todos os trabalhadores v\u00e3o receber o dinheiro em conta j\u00e1 nesta segunda-feira, nem explicou como as pessoas devem acessar suas novas contas digitais.&nbsp;<strong>Cerca de 20 milh\u00f5es de brasileiros que t\u00eam direito ao saque do FGTS<\/strong>&nbsp;n\u00e3o t\u00eam conta em banco nenhum e, por isso, podem ter dificuldade em usar o aplicativo, segundo a institui\u00e7\u00e3o. Por isso, os questionamentos n\u00e3o param entre aqueles trabalhadores que est\u00e3o passando por dificuldades financeiras, e contam com esse dinheiro para regularizar a vida financeira em alguma medida.<\/p>\n\n\n\n<p>Questionado sobre o assunto, ontem, o Minist\u00e9rio da Economia refor\u00e7ou que a quest\u00e3o agora \u00e9 com a Caixa, que admitiu que esse \u201ccalend\u00e1rio ainda est\u00e1 em defini\u00e7\u00e3o\u201d. O banco afirmou que \u201cn\u00e3o h\u00e1 data confirmada para divulga\u00e7\u00e3o ou mais informa\u00e7\u00f5es sobre sua operacionaliza\u00e7\u00e3o\u201d.<\/p>\n\n\n\n<p>Depois disso, ainda deve ser liberado o saque do aux\u00edlio emergencial para os trabalhadores que n\u00e3o s\u00e3o do Bolsa Fam\u00edlia. E, como nesse momento de pandemia, a ordem \u00e9 evitar aglomera\u00e7\u00f5es, sobretudo em locais fechados como as ag\u00eancias banc\u00e1rias. Assim, h\u00e1 a possibilidade de que o saque em esp\u00e9cie do FGTS fique para depois disso. Ainda assim, deve ser escalonado para evitar que os 60,8 milh\u00f5es de trabalhadores se dirijam de uma \u00fanica vez \u00e0s ag\u00eancias.<\/p>\n\n\n\n<p>At\u00e9 chegar a data de p\u00f4r a m\u00e3o no dinheiro, os trabalhadores devem ter que acessar os R$ 1.045 do FGTS apenas pelo Caixa Tem. Mas o banco garante que o aplicativo \u00e9 f\u00e1cil de ser entendido e permite que se pague contas e fa\u00e7a compras sem pagamento de tarifa por utiliza\u00e7\u00e3o.<\/p>\n\n\n\n<p><strong>R$ 60,8 milh\u00f5es&nbsp;<\/strong><\/p>\n\n\n\n<p>de trabalhadores ter\u00e3o direito a receber os R$ 1.045, o que d\u00e1 um desembolso de, aproximadamente, R$ 36 milh\u00f5es, segundo o Minist\u00e9rio da Economia<\/p>\n","protected":false},"excerpt":{"rendered":"<p>O governo deve liberar na segunda-feira (15) o acesso a at\u00e9 R$ 1.045 do Fundo de Garantia do Tempo de Servi\u00e7o (FGTS) para todos os&hellip; <\/p>\n","protected":false},"author":2,"featured_media":163197,"comment_status":"closed","ping_status":"closed","sticky":false,"template":"","format":"standard","meta":{"sfsi_plus_gutenberg_text_before_share":"","sfsi_plus_gutenberg_show_text_before_share":"","sfsi_plus_gutenberg_icon_type":"","sfsi_plus_gutenberg_icon_alignemt":"","sfsi_plus_gutenburg_max_per_row":"","footnotes":""},"categories":[2],"tags":[],"class_list":["post-173899","post","type-post","status-publish","format-standard","has-post-thumbnail","hentry","category-geral"],"_links":{"self":[{"href":"https:\/\/www.caririemacao.com\/1\/wp-json\/wp\/v2\/posts\/173899","targetHints":{"allow":["GET"]}}],"collection":[{"href":"https:\/\/www.caririemacao.com\/1\/wp-json\/wp\/v2\/posts"}],"about":[{"href":"https:\/\/www.caririemacao.com\/1\/wp-json\/wp\/v2\/types\/post"}],"author":[{"embeddable":true,"href":"https:\/\/www.caririemacao.com\/1\/wp-json\/wp\/v2\/users\/2"}],"replies":[{"embeddable":true,"href":"https:\/\/www.caririemacao.com\/1\/wp-json\/wp\/v2\/comments?post=173899"}],"version-history":[{"count":1,"href":"https:\/\/www.caririemacao.com\/1\/wp-json\/wp\/v2\/posts\/173899\/revisions"}],"predecessor-version":[{"id":173900,"href":"https:\/\/www.caririemacao.com\/1\/wp-json\/wp\/v2\/posts\/173899\/revisions\/173900"}],"wp:featuredmedia":[{"embeddable":true,"href":"https:\/\/www.caririemacao.com\/1\/wp-json\/wp\/v2\/media\/163197"}],"wp:attachment":[{"href":"https:\/\/www.caririemacao.com\/1\/wp-json\/wp\/v2\/media?parent=173899"}],"wp:term":[{"taxonomy":"category","embeddable":true,"href":"https:\/\/www.caririemacao.com\/1\/wp-json\/wp\/v2\/categories?post=173899"},{"taxonomy":"post_tag","embeddable":true,"href":"https:\/\/www.caririemacao.com\/1\/wp-json\/wp\/v2\/tags?post=173899"}],"curies":[{"name":"wp","href":"https:\/\/api.w.org\/{rel}","templated":true}]}}