{"id":173909,"date":"2020-06-12T10:51:49","date_gmt":"2020-06-12T13:51:49","guid":{"rendered":"https:\/\/www.caririemacao.com\/1\/?p=173909"},"modified":"2020-06-12T10:51:49","modified_gmt":"2020-06-12T13:51:49","slug":"bolsonaro-estimula-populares-a-entrarem-em-hospitais-para-filmar-oferta-de-leitos","status":"publish","type":"post","link":"https:\/\/www.caririemacao.com\/1\/2020\/06\/12\/bolsonaro-estimula-populares-a-entrarem-em-hospitais-para-filmar-oferta-de-leitos\/","title":{"rendered":"Bolsonaro estimula populares a entrarem em hospitais para filmar oferta de leitos"},"content":{"rendered":"\n<p>O presidente Jair Bolsonaro (sem partido) pediu nesta quinta-feira (11) aos seus seguidores nas redes sociais que filmem o interior de hospitais p\u00fablicos e de campanha para averiguar se os leitos de emerg\u00eancia est\u00e3o livres ou ocupados.<\/p>\n\n\n\n<p>Em live nas redes sociais, o presidente defendeu que, caso as imagens demonstrem alguma anormalidade, elas sejam enviadas ao governo federal, que o repassar\u00e1 para a Pol\u00edcia Federal ou para a Abin (Ag\u00eancia Brasileira de Intelig\u00eancia) para que sejam investigadas.<\/p>\n\n\n\n<p>A entrada em unidades de sa\u00fade sem autoriza\u00e7\u00e3o n\u00e3o \u00e9 permitida. O gesto, al\u00e9m de constranger os pacientes, coloca o visitante em risco de contamina\u00e7\u00e3o, sobretudo em meio \u00e0 pandemia de coronav\u00edrus. As autoridades de sa\u00fade t\u00eam recomendado que as pessoas evitem unidades hospitalares para evitar o cont\u00e1gio.<\/p>\n\n\n\n<p>\u201c[Se] Tem hospital de campanha perto de voc\u00ea, hospital p\u00fablico, arranja uma maneira de entrar e filmar. Muita gente est\u00e1 fazendo isso e mais gente tem que fazer para mostrar se os leitos est\u00e3o ocupados ou n\u00e3o. Se os gastos s\u00e3o compat\u00edveis ou n\u00e3o. Isso nos ajuda\u201d, disse o presidente.<\/p>\n\n\n\n<p>O presidente fez o pedido ap\u00f3s colocar em d\u00favida o n\u00famero total de mortes por coronav\u00edrus no Brasil. Nesta quinta-feira (11), o Brasil registrou 1.261 mortes, elevando para 41.058 vidas perdidas.<\/p>\n\n\n\n<p>Sem mostrar provas, Bolsonaro disse que chegam ao governo federal informa\u00e7\u00f5es de que o n\u00famero total de mortes est\u00e1 inflado e de que muitas pessoas morrem por outros motivos, mas que seus atestados de \u00f3bito incluem o coronav\u00edrus como causa.<\/p>\n\n\n\n<p>\u201cTem um ganho pol\u00edtico dos caras. S\u00f3 pode ser isso. Aproveitando as pessoas que falecem para ter um ganho pol\u00edtico. E para culpar o governo federal\u201d, disse. \u201cPode ser que eu esteja equivocado, mas, na totalidade ou em grande parte, ningu\u00e9m perdeu a vida por falta respirador ou de UTI\u201d, acrescentou.<\/p>\n\n\n\n<p>At\u00e9 agora, o novo coronav\u00edrus vitimou mais brasileiros do que os acidentes de tr\u00e2nsito em todo o ano de 2019. Os mais de 40 mil \u00f3bitos pelo novo coronav\u00edrus superaram as 40.721 mortes no tr\u00e2nsito de 2019.<\/p>\n\n\n\n<p>Al\u00e9m disso, as mortes pela Covid-19 no Brasil j\u00e1 ultrapassaram o total registrado em 2019 com homic\u00eddios dolosos. Foram 39.776 em todo o ano passado, de acordo com dados do Minist\u00e9rio da Justi\u00e7a e Seguran\u00e7a P\u00fablica.<\/p>\n","protected":false},"excerpt":{"rendered":"<p>O presidente Jair Bolsonaro (sem partido) pediu nesta quinta-feira (11) aos seus seguidores nas redes sociais que filmem o interior de hospitais p\u00fablicos e de&hellip; <\/p>\n","protected":false},"author":2,"featured_media":173579,"comment_status":"closed","ping_status":"closed","sticky":false,"template":"","format":"standard","meta":{"sfsi_plus_gutenberg_text_before_share":"","sfsi_plus_gutenberg_show_text_before_share":"","sfsi_plus_gutenberg_icon_type":"","sfsi_plus_gutenberg_icon_alignemt":"","sfsi_plus_gutenburg_max_per_row":"","footnotes":""},"categories":[11],"tags":[],"class_list":["post-173909","post","type-post","status-publish","format-standard","has-post-thumbnail","hentry","category-politica"],"_links":{"self":[{"href":"https:\/\/www.caririemacao.com\/1\/wp-json\/wp\/v2\/posts\/173909","targetHints":{"allow":["GET"]}}],"collection":[{"href":"https:\/\/www.caririemacao.com\/1\/wp-json\/wp\/v2\/posts"}],"about":[{"href":"https:\/\/www.caririemacao.com\/1\/wp-json\/wp\/v2\/types\/post"}],"author":[{"embeddable":true,"href":"https:\/\/www.caririemacao.com\/1\/wp-json\/wp\/v2\/users\/2"}],"replies":[{"embeddable":true,"href":"https:\/\/www.caririemacao.com\/1\/wp-json\/wp\/v2\/comments?post=173909"}],"version-history":[{"count":1,"href":"https:\/\/www.caririemacao.com\/1\/wp-json\/wp\/v2\/posts\/173909\/revisions"}],"predecessor-version":[{"id":173910,"href":"https:\/\/www.caririemacao.com\/1\/wp-json\/wp\/v2\/posts\/173909\/revisions\/173910"}],"wp:featuredmedia":[{"embeddable":true,"href":"https:\/\/www.caririemacao.com\/1\/wp-json\/wp\/v2\/media\/173579"}],"wp:attachment":[{"href":"https:\/\/www.caririemacao.com\/1\/wp-json\/wp\/v2\/media?parent=173909"}],"wp:term":[{"taxonomy":"category","embeddable":true,"href":"https:\/\/www.caririemacao.com\/1\/wp-json\/wp\/v2\/categories?post=173909"},{"taxonomy":"post_tag","embeddable":true,"href":"https:\/\/www.caririemacao.com\/1\/wp-json\/wp\/v2\/tags?post=173909"}],"curies":[{"name":"wp","href":"https:\/\/api.w.org\/{rel}","templated":true}]}}