{"id":173911,"date":"2020-06-12T10:53:35","date_gmt":"2020-06-12T13:53:35","guid":{"rendered":"https:\/\/www.caririemacao.com\/1\/?p=173911"},"modified":"2020-06-12T10:53:35","modified_gmt":"2020-06-12T13:53:35","slug":"joao-azevedo-anuncia-nesta-sexta-feira-detalhamento-do-plano-de-retomada-economica-que-vai-orientar-municipios-da-paraiba-durante-pandemia","status":"publish","type":"post","link":"https:\/\/www.caririemacao.com\/1\/2020\/06\/12\/joao-azevedo-anuncia-nesta-sexta-feira-detalhamento-do-plano-de-retomada-economica-que-vai-orientar-municipios-da-paraiba-durante-pandemia\/","title":{"rendered":"Jo\u00e3o Azev\u00eado anuncia nesta sexta-feira detalhamento do plano de retomada econ\u00f4mica que vai orientar munic\u00edpios da Para\u00edba durante pandemia"},"content":{"rendered":"\n<p>O governador Jo\u00e3o Azev\u00eado vai divulgar, nesta sexta feira (12), o detalhamento da matriz de orienta\u00e7\u00e3o para retomada gradual da economia em todos os munic\u00edpios paraibanos durante \u00e0 pandemia do Coronav\u00edrus.&nbsp;O modelo \u00e9 orientador e auxiliar\u00e1 os munic\u00edpios na tomada de decis\u00e3o para flexibiliza\u00e7\u00e3o, uma vez que indicar\u00e1 em qual fase da retomada est\u00e1 cada munic\u00edpio, sinalizando quais tipos de atividades j\u00e1 podem funcionar parcial ou totalmente.<\/p>\n\n\n\n<p>A matriz foi desenvolvida pela Secretaria de Estado Sa\u00fade e pela Controladoria Geral do Estado e \u00e9 baseada em indicadores, a exemplo da quantidade percentual de novos casos e \u00f3bitos, ocupa\u00e7\u00e3o da rede hospitalar da regi\u00e3o e percentual de isolamento social. O modelo analisa um per\u00edodo referente a 14 dias, o qual resulta em uma bandeira com cor indicativa sobre quais as atividades que o munic\u00edpio poder\u00e1 flexibilizar.<\/p>\n\n\n\n<p>&#8220;Toda a matriz estar\u00e1 dispon\u00edvel no site do Governo do Estado e indicar\u00e1 em qual bandeira est\u00e1 cada um dos 223 munic\u00edpios. A partir disso, os gestores municipais dever\u00e3o tomar as decis\u00f5es sobre seus pr\u00f3prios decretos de flexibiliza\u00e7\u00e3o e assumir a fiscaliza\u00e7\u00e3o&#8221;, afirmou o secret\u00e1rio chefe da Controladoria Geral do Estado, Let\u00e1cio Guedes Junior.<\/p>\n\n\n\n<p>O Governo do Estado manteve di\u00e1logo com v\u00e1rios segmentos sociais, de trabalhadores, religiosos e o setor produtivo de um modo geral, consolidando um documento \u00fanico e norteador de como poder\u00e1 retomar as atividades, considerando o risco para a popula\u00e7\u00e3o, uma vez que o v\u00edrus apresenta alta transmissibilidade.&nbsp;<\/p>\n","protected":false},"excerpt":{"rendered":"<p>O governador Jo\u00e3o Azev\u00eado vai divulgar, nesta sexta feira (12), o detalhamento da matriz de orienta\u00e7\u00e3o para retomada gradual da economia em todos os munic\u00edpios&hellip; <\/p>\n","protected":false},"author":2,"featured_media":173912,"comment_status":"closed","ping_status":"closed","sticky":false,"template":"","format":"standard","meta":{"sfsi_plus_gutenberg_text_before_share":"","sfsi_plus_gutenberg_show_text_before_share":"","sfsi_plus_gutenberg_icon_type":"","sfsi_plus_gutenberg_icon_alignemt":"","sfsi_plus_gutenburg_max_per_row":"","footnotes":""},"categories":[11],"tags":[],"class_list":["post-173911","post","type-post","status-publish","format-standard","has-post-thumbnail","hentry","category-politica"],"_links":{"self":[{"href":"https:\/\/www.caririemacao.com\/1\/wp-json\/wp\/v2\/posts\/173911","targetHints":{"allow":["GET"]}}],"collection":[{"href":"https:\/\/www.caririemacao.com\/1\/wp-json\/wp\/v2\/posts"}],"about":[{"href":"https:\/\/www.caririemacao.com\/1\/wp-json\/wp\/v2\/types\/post"}],"author":[{"embeddable":true,"href":"https:\/\/www.caririemacao.com\/1\/wp-json\/wp\/v2\/users\/2"}],"replies":[{"embeddable":true,"href":"https:\/\/www.caririemacao.com\/1\/wp-json\/wp\/v2\/comments?post=173911"}],"version-history":[{"count":1,"href":"https:\/\/www.caririemacao.com\/1\/wp-json\/wp\/v2\/posts\/173911\/revisions"}],"predecessor-version":[{"id":173913,"href":"https:\/\/www.caririemacao.com\/1\/wp-json\/wp\/v2\/posts\/173911\/revisions\/173913"}],"wp:featuredmedia":[{"embeddable":true,"href":"https:\/\/www.caririemacao.com\/1\/wp-json\/wp\/v2\/media\/173912"}],"wp:attachment":[{"href":"https:\/\/www.caririemacao.com\/1\/wp-json\/wp\/v2\/media?parent=173911"}],"wp:term":[{"taxonomy":"category","embeddable":true,"href":"https:\/\/www.caririemacao.com\/1\/wp-json\/wp\/v2\/categories?post=173911"},{"taxonomy":"post_tag","embeddable":true,"href":"https:\/\/www.caririemacao.com\/1\/wp-json\/wp\/v2\/tags?post=173911"}],"curies":[{"name":"wp","href":"https:\/\/api.w.org\/{rel}","templated":true}]}}