{"id":173915,"date":"2020-06-12T10:55:31","date_gmt":"2020-06-12T13:55:31","guid":{"rendered":"https:\/\/www.caririemacao.com\/1\/?p=173915"},"modified":"2020-06-12T10:55:31","modified_gmt":"2020-06-12T13:55:31","slug":"mulher-morre-apos-sofrer-descarga-eletrica-em-maquina-de-lavar-na-paraiba","status":"publish","type":"post","link":"https:\/\/www.caririemacao.com\/1\/2020\/06\/12\/mulher-morre-apos-sofrer-descarga-eletrica-em-maquina-de-lavar-na-paraiba\/","title":{"rendered":"Mulher morre ap\u00f3s sofrer descarga el\u00e9trica em m\u00e1quina de lavar na Para\u00edba"},"content":{"rendered":"\n<p>Uma mulher, de 33 anos, morreu ap\u00f3s sofrer uma descarga el\u00e9trica em uma m\u00e1quina de lavar, nesta quinta-feira (11), na cidade de Pocinhos, na Para\u00edba. O filho dela informou que a m\u00e3e estava utilizando a m\u00e1quina de lavar roupa e o ch\u00e3o estava molhado.&nbsp;<\/p>\n\n\n\n<p>Quando a mulher&nbsp;tocou no eletrodom\u00e9stico sofreu a descarga el\u00e9trica.&nbsp;<\/p>\n\n\n\n<p>O filho tamb\u00e9m disse que tentou buscar ajuda, mas quando voltou para casa, a m\u00e3e j\u00e1 estava morta.<\/p>\n\n\n\n<p>O acidente ser\u00e1 investigado.&nbsp;<\/p>\n","protected":false},"excerpt":{"rendered":"<p>Uma mulher, de 33 anos, morreu ap\u00f3s sofrer uma descarga el\u00e9trica em uma m\u00e1quina de lavar, nesta quinta-feira (11), na cidade de Pocinhos, na Para\u00edba.&hellip; <\/p>\n","protected":false},"author":2,"featured_media":173916,"comment_status":"closed","ping_status":"closed","sticky":false,"template":"","format":"standard","meta":{"sfsi_plus_gutenberg_text_before_share":"","sfsi_plus_gutenberg_show_text_before_share":"","sfsi_plus_gutenberg_icon_type":"","sfsi_plus_gutenberg_icon_alignemt":"","sfsi_plus_gutenburg_max_per_row":"","footnotes":""},"categories":[12],"tags":[],"class_list":["post-173915","post","type-post","status-publish","format-standard","has-post-thumbnail","hentry","category-policia"],"_links":{"self":[{"href":"https:\/\/www.caririemacao.com\/1\/wp-json\/wp\/v2\/posts\/173915","targetHints":{"allow":["GET"]}}],"collection":[{"href":"https:\/\/www.caririemacao.com\/1\/wp-json\/wp\/v2\/posts"}],"about":[{"href":"https:\/\/www.caririemacao.com\/1\/wp-json\/wp\/v2\/types\/post"}],"author":[{"embeddable":true,"href":"https:\/\/www.caririemacao.com\/1\/wp-json\/wp\/v2\/users\/2"}],"replies":[{"embeddable":true,"href":"https:\/\/www.caririemacao.com\/1\/wp-json\/wp\/v2\/comments?post=173915"}],"version-history":[{"count":1,"href":"https:\/\/www.caririemacao.com\/1\/wp-json\/wp\/v2\/posts\/173915\/revisions"}],"predecessor-version":[{"id":173917,"href":"https:\/\/www.caririemacao.com\/1\/wp-json\/wp\/v2\/posts\/173915\/revisions\/173917"}],"wp:featuredmedia":[{"embeddable":true,"href":"https:\/\/www.caririemacao.com\/1\/wp-json\/wp\/v2\/media\/173916"}],"wp:attachment":[{"href":"https:\/\/www.caririemacao.com\/1\/wp-json\/wp\/v2\/media?parent=173915"}],"wp:term":[{"taxonomy":"category","embeddable":true,"href":"https:\/\/www.caririemacao.com\/1\/wp-json\/wp\/v2\/categories?post=173915"},{"taxonomy":"post_tag","embeddable":true,"href":"https:\/\/www.caririemacao.com\/1\/wp-json\/wp\/v2\/tags?post=173915"}],"curies":[{"name":"wp","href":"https:\/\/api.w.org\/{rel}","templated":true}]}}