{"id":173928,"date":"2020-06-12T11:55:03","date_gmt":"2020-06-12T14:55:03","guid":{"rendered":"https:\/\/www.caririemacao.com\/1\/?p=173928"},"modified":"2020-06-12T11:55:03","modified_gmt":"2020-06-12T14:55:03","slug":"ciro-gomes-bolsonaro-deseja-assustar-a-classe-media-e-lucrar-com-o-caos","status":"publish","type":"post","link":"https:\/\/www.caririemacao.com\/1\/2020\/06\/12\/ciro-gomes-bolsonaro-deseja-assustar-a-classe-media-e-lucrar-com-o-caos\/","title":{"rendered":"Ciro Gomes: Bolsonaro deseja assustar a classe m\u00e9dia e lucrar com o caos"},"content":{"rendered":"\n<h1 class=\"wp-block-heading\"><\/h1>\n\n\n\n<p>Em entrevista \u00e0 reportagem, o ex-presidenci\u00e1vel defende o impeachment de Bolsonaro e afirma que \u201ca parte jur\u00eddica est\u00e1 dada, mas a pol\u00edtica ainda n\u00e3o\u201d. Ele faz coro com seu partido ao desestimular protestos de rua agora, durante a pandemia. \u201cMas a hora chegar\u00e1.\u201d<\/p>\n\n\n\n<p>Ciro est\u00e1 lan\u00e7ando o livro \u201cProjeto Nacional: O Dever da Esperan\u00e7a\u201d (ed. LeYa Brasil, 274 p\u00e1gs., R$ 49,90), no qual exp\u00f5e e analisa algumas das propostas que levou ao eleitorado em 2018. Ele ficou em terceiro lugar, com 12,4% dos votos v\u00e1lidos.<\/p>\n\n\n\n<p>De casa, em Fortaleza (CE), ele tem feito lives (transmiss\u00f5es ao vivo na internet), dado entrevistas a jornalistas e influenciadores digitais e postado em redes sociais durante a quarentena. Falou com a reportagem por telefone, na quarta-feira (10).<br>*<br><strong>Pergunta \u2013 O PDT, seu partido, n\u00e3o apoia os protestos de rua contra Bolsonaro, por causa da pandemia. O sr. concorda?<\/strong><br>Ciro Gomes \u2013 Tenho respeito e gratid\u00e3o por aqueles que se prop\u00f5em a correr o risco de se contaminar e de ser ferido por uma parte da pol\u00edcia arbitr\u00e1ria que est\u00e1 a servi\u00e7o do bolsonarismo. Mas, como homem p\u00fablico, tenho responsabilidade. N\u00e3o est\u00e1 na hora de ir para a rua, mas a hora chegar\u00e1.<br>Tudo o que o Bolsonaro quer \u00e9 distrair a opini\u00e3o p\u00fablica da pandemia e do desastre econ\u00f4mico sem precedentes. Ele pretende criar um campo de batalha, para coesionar a turma radical que o segue. Criar um caos para que amanh\u00e3 a classe m\u00e9dia, que hoje \u00e9 cr\u00edtica a ele, comece a se assustar e pe\u00e7a ordem.<\/p>\n\n\n\n<p><strong>Qual ser\u00e1, a seu ver, a hora de ir \u00e0s ruas?<\/strong><br>CG \u2013 Ali por agosto ou setembro, vamos precisar todo mundo ir para a rua. Agora, o povo, desorientado por esse debate absolutamente irrespons\u00e1vel feito pelo Bolsonaro, precisa fazer isolamento social. As fotografias do cont\u00e1gio s\u00e3o assustadoras. Estou apavorado.<\/p>\n\n\n\n<p><strong>Cidades e estados est\u00e3o reabrindo com\u00e9rcio, retomando atividades.<\/strong><br>CG \u2013 \u00c9 uma irresponsabilidade genocida, do senhor [Jo\u00e3o] Doria, do senhor [Wilson] Witzel. Fizeram inclusive a ret\u00f3rica do isolamento social, politizando tamb\u00e9m o debate com Bolsonaro, e se equalizaram com ele.<\/p>\n\n\n\n<p><strong>O sr. defende ir para as ruas em nome de qu\u00ea? Impeachment?<\/strong><br>CG \u2013 Na minha opini\u00e3o, essa \u00e9 a sa\u00edda que a democracia brasileira infelizmente ter\u00e1 que tentar mais uma vez. Impeachment n\u00e3o \u00e9 rem\u00e9dio para governo ruim, \u00e9 puni\u00e7\u00e3o para presidente criminoso. As condi\u00e7\u00f5es jur\u00eddicas est\u00e3o evidenciadas nas representa\u00e7\u00f5es do PDT e de outros partidos. H\u00e1 crime de responsabilidade quando ele atenta contra o regular funcionamento das institui\u00e7\u00f5es, confronta a autonomia da federa\u00e7\u00e3o, aparelha \u00f3rg\u00e3os p\u00fablicos.<\/p>\n\n\n\n<p><strong>Seria poss\u00edvel avan\u00e7ar sem press\u00e3o das ruas?<\/strong><br>CG \u2013 A parte jur\u00eddica est\u00e1 dada, mas a pol\u00edtica ainda n\u00e3o. Bolsonaro ainda conta com apoio de parte da popula\u00e7\u00e3o, o que n\u00e3o nos permite ter ilus\u00e3o de que o Congresso dar\u00e1 os votos. Por isso, ir para a rua ser\u00e1 fundamental. Por enquanto, temos que fazer milit\u00e2ncia virtual.<\/p>\n\n\n\n<p><strong>O sr. n\u00e3o assinou os rec\u00e9m-criados manifestos em defesa da democracia, como o Estamos Juntos e o Basta!. Por qu\u00ea?<\/strong><br>CG \u2013 \u00c9 fundamental que a sociedade civil brasileira se liberte, fa\u00e7a esse exerc\u00edcio sem estar sendo cobrada de estar alinhada a este ou \u00e0quele grupo. No per\u00edodo recente em que a esquerda esteve no poder, tudo o que era express\u00e3o organizada da sociedade foi cooptado. Mas eu elogiei e estimulei [os manifestos], a campanha Somos 70%.<\/p>\n\n\n\n<p><strong>Na sua vis\u00e3o, pol\u00edticos que assinaram os documentos, como Fernando Henrique Cardoso (PSDB) e Fernando Haddad (PT), se apropriam de uma pauta que deveria ser da sociedade?<\/strong><br>CG \u2013 O Fernando Henrique, n\u00e3o. Ele \u00e9 um ex-presidente da Rep\u00fablica que empresta peso e prest\u00edgio.<br>J\u00e1 o Haddad est\u00e1 numa situa\u00e7\u00e3o delicada, porque assinou e no dia seguinte o Lula disse que n\u00e3o ser\u00e1 \u201cmaria vai com as outras\u201d. O Lula cuida de destruir qualquer possibilidade de o Haddad adquirir uma personalidade pol\u00edtica necess\u00e1ria para liderar uma na\u00e7\u00e3o. \u00c9 um desastre.<\/p>\n\n\n\n<p><strong>Lula disse que os manifestos exprimem uma vis\u00e3o da elite e desconsideram o trabalhador.<\/strong><br>CG \u2013 Isso \u00e9 uma bobagem. O que explica o Lula \u00e9 que, se ele n\u00e3o for a estrela central, nada presta. N\u00f3s j\u00e1 perdoamos essas baboseiras do Lula a vida inteira. Isso encheu. Nunca mais.<br>Ele falou tamb\u00e9m que n\u00e3o vai assinar um papel j\u00e1 assinado por gente que pecou pelo golpe [impeachment de Dilma Rousseff]. Ora, o Lula se esqueceu que naquela caravana ele estava com [os senadores] Renan Calheiros e Eun\u00edcio Oliveira? N\u00e3o foi o Senado que fez o impeachment?<\/p>\n\n\n\n<p><strong>O sr. afirmou na GloboNews que \u00e9 preciso \u201cdefender a democracia, e quem n\u00e3o vier \u00e9 traidor\u201d. Referia-se a Lula?<\/strong><br>CG \u2013 Na constru\u00e7\u00e3o da democracia brasileira, pessoas com diferen\u00e7as pol\u00edticas irreconcili\u00e1veis foram capazes de deixar as discord\u00e2ncias para a hora pr\u00f3pria e construir consenso, o que fez a roda da hist\u00f3ria andar. O que o Lula est\u00e1 fazendo agora \u00e9 atrapalhar a roda da hist\u00f3ria.<br>Para o lulopetismo, \u00e9 preciso que o Brasil sangre e pague o pre\u00e7o de n\u00e3o ter descido em Curitiba, destru\u00eddo a Pol\u00edcia Federal e tirado o Lula de l\u00e1 e levado ele incensado para o poder. O Lula se corrompeu e est\u00e1 destruindo o PT.<\/p>\n\n\n\n<p><strong>Os manifestos ter\u00e3o efeito pr\u00e1tico para o impeachment, que \u00e9 a sua bandeira?<\/strong><br>CG \u2013 Produzir\u00e3o um efeito pr\u00e1tico, mas n\u00e3o s\u00e3o uma bala de prata. A pol\u00edtica \u00e9 sofisticada. O que vai acontecer \u00e9 um processo muito lento de desconstru\u00e7\u00e3o da base social de Bolsonaro.<\/p>\n\n\n\n<p><strong>O sr. tem falado sobre a politiza\u00e7\u00e3o dos quart\u00e9is, com agentes de seguran\u00e7a nos estados alinhados a Bolsonaro. O motim no Cear\u00e1, em fevereiro, foi um pren\u00fancio?<\/strong><br>CG \u2013 Enfrentamos no Cear\u00e1 o passo seguinte do que vai acontecer no Brasil, que \u00e9 a mil\u00edcia armada. Jovens violentos, mascarados, armados, botaram os seus comandos para correr de dentro dos quart\u00e9is. Sa\u00edram nas viaturas atirando para cima, mandando fechar com\u00e9rcio e escola. E deram dois tiros no peito de um senador da Rep\u00fablica [Cid Gomes, irm\u00e3o de Ciro, que avan\u00e7ou com uma retroescavadeira contra o port\u00e3o de um quartel].<\/p>\n\n\n\n<p><strong>H\u00e1 risco de instrumentaliza\u00e7\u00e3o dessas for\u00e7as por Bolsonaro?<\/strong><br>CG \u2013 O risco \u00e9 real e iminente. Estou vendo um cen\u00e1rio de distopia ali por setembro, com uma mistura do saldo de cad\u00e1veres e da implos\u00e3o da economia. N\u00f3s estaremos ocupando as ruas pelo impeachment. E o Bolsonaro est\u00e1 preparando essa mil\u00edcia.<br>Ele revogou as portarias de rastreamento de armas e muni\u00e7\u00f5es pelo Ex\u00e9rcito. O filho dele est\u00e1 fazendo lobby desgovernado para atrair uma f\u00e1brica de armas [parceria com uma marca americana]. Bolsonaro confessou que tem um servi\u00e7o de informa\u00e7\u00f5es particular. Ele est\u00e1 facilitando a importa\u00e7\u00e3o, sem tributos, de fuzil. Isso n\u00e3o \u00e9 para armar o povo, \u00e9 para armar a mil\u00edcia dele. Isso est\u00e1 sendo sistematizado.<\/p>\n\n\n\n<p><strong>E como combater?<\/strong><br>CG \u2013 Quando eles deflagraram aquilo no Cear\u00e1, havia 12 estados engatilhados para fazer o mesmo. N\u00f3s sab\u00edamos que nossa tarefa era por n\u00f3s e pelo Brasil. Unimos todos os poderes e tomamos uma s\u00e9rie de provid\u00eancias. O combate tem que ser federal. Precisamos transformar, na Constitui\u00e7\u00e3o, o crime de motim em crime federal e estabelecer os procedimentos de investiga\u00e7\u00e3o e julgamento.<\/p>\n\n\n\n<p><strong>Nesse cen\u00e1rio dist\u00f3pico, como as For\u00e7as Armadas ficariam?<\/strong><br>CG \u2013 Divididas. Acho que a estrutura de comando est\u00e1 vendo essa aberra\u00e7\u00e3o.<\/p>\n\n\n\n<p><strong>Como o sr. v\u00ea a narrativa de que a desuni\u00e3o da esquerda facilitar\u00e1 a reelei\u00e7\u00e3o de Bolsonaro?<\/strong><br>CG \u2013 Isso \u00e9 um mecanismo que o PT utilizou ao longo dos \u00faltimos 30 anos para matar o trabalhismo do Brizola, abafar o socialismo do Arraes, destruir o PC do B e, agora, atingir o PSOL.<br>Eles n\u00e3o tiram nenhuma li\u00e7\u00e3o do fato de que uma popula\u00e7\u00e3o que votou em massa no PT nos \u00faltimos anos tenha eleito Bolsonaro, um picareta, politiqueiro, ligado \u00e0 mil\u00edcia, que nunca produziu nada de \u00fatil?<br>Virou todo mundo fascista, manipulado, gado, como eles chamam? O PT sustenta essa narrativa que n\u00e3o guarda conex\u00e3o com a vida real. O Brasil viu a crise econ\u00f4mica da Dilma, mas o PT n\u00e3o faz a autocr\u00edtica por nada. Ent\u00e3o vai ter que ouvir a cr\u00edtica. Se quiser ouvir respeitosamente, vai ouvir. Se n\u00e3o quiser, vai na canela.<\/p>\n\n\n\n<p><strong>Se n\u00e3o \u00e9 pela unidade da esquerda, a supera\u00e7\u00e3o do bolsonarismo passaria por qual arranjo?<\/strong><br>CG \u2013 Passa pela percep\u00e7\u00e3o das urg\u00eancias. E hoje h\u00e1 tr\u00eas urg\u00eancias, no psicol\u00f3gico popular, que pedem unidade m\u00e1xima: a de enfrentar o genoc\u00eddio, a de proteger empregos que est\u00e3o sendo destru\u00eddos aos milh\u00f5es e a de assegurar as liberdades da democracia.<\/p>\n\n\n\n<p><strong>Alguns setores defendem que a polariza\u00e7\u00e3o entre Bolsonaro e Lula depende de um nome de centro para ser rompida. O sr. se coloca nesse lugar?<\/strong><br>CG \u2013 Tenho uma forma\u00e7\u00e3o de esquerda moderada, esquerda democr\u00e1tica. O projeto que eu advogo re\u00fane o centro pol\u00edtico com a esquerda democr\u00e1tica.<\/p>\n\n\n\n<p><strong>Sergio Moro \u00e9 apontado como uma op\u00e7\u00e3o eleitoral de centro, por se contrapor ao petismo e agora ao bolsonarismo. O sr. se v\u00ea disputando a elei\u00e7\u00e3o com ele?<\/strong><br>CG \u2013 Esse \u00e9 um dos cen\u00e1rios. Agora, eu acho que at\u00e9 l\u00e1 o Sergio Moro estar\u00e1 carbonizado. A centralidade da \u2018monoagenda\u2019 do Moro est\u00e1 sumindo.<br>A corrup\u00e7\u00e3o n\u00e3o ter\u00e1 mais centralidade na vida do povo. Ser\u00e1 emprego, educa\u00e7\u00e3o, sa\u00fade p\u00fablica. Moro est\u00e1 sendo testado por todo o mainstream brasileiro, assim como o Doria e o [Luciano] Huck. Vamos ver qual deles vai dar no couro. Mas eles n\u00e3o rivalizam conosco. Rivalizam entre si.<\/p>\n\n\n\n<p><strong>O sr. at\u00e9 hoje \u00e9 cobrado por ter se ausentado do segundo turno de 2018. Uma das cr\u00edticas \u00e9 que isso abriu caminho para Bolsonaro vencer. Faz alguma autocr\u00edtica?<\/strong><br>CG \u2013 Quem fala isso \u00e9 o lulopetismo bandido. No primeiro turno, todas as pesquisas j\u00e1 indicavam que a for\u00e7a dominante no pa\u00eds era o antipetismo. A\u00ed vai o Lula e mente dizendo que \u00e9 candidato, quando o que se tinha que fazer era produzir uma alternativa.<br>N\u00fameros n\u00e3o mentem jamais. Se todos os meus votos fossem para o Haddad, ainda assim seriam insuficientes para ele vencer. Eles [petistas] queriam que eu fizesse campanha para afundar junto com eles. O que eu fiz, com o meu partido, foi declarar apoio cr\u00edtico e n\u00e3o participar da campanha.<\/p>\n\n\n\n<p><strong>O sr. escreve no livro, referindo-se ao Brasil, que \u201co pa\u00eds que mais cresceu entre 1930 e 1980 ignorou a ignor\u00e2ncia\u201d. Que paralelo faz com o pa\u00eds de hoje?<\/strong><br>CG \u2013 O que vivemos hoje \u00e9 o fundo do po\u00e7o. O Bolsonaro \u00e9 a \u00faltima consequ\u00eancia do esgar\u00e7amento estrat\u00e9gico da na\u00e7\u00e3o, com a explos\u00e3o de mis\u00e9ria, de desigualdade, de informalidade in\u00e9dita e de absoluta falta de perspectiva para todos, especialmente para os jovens.<\/p>\n\n\n\n<p><strong>O sr. tamb\u00e9m fala na obra sobre a necessidade de um projeto nacional de desenvolvimento. Existe algum hoje?<\/strong><br>CG \u2013 N\u00e3o, nada. Qual \u00e9 o projeto de educa\u00e7\u00e3o? De defesa? De infraestrutura? De distribui\u00e7\u00e3o de renda?<br>*<br>RAIO-X<br>Ciro Ferreira Gomes, 62<br>Formado em direito pela Universidade Federal do Cear\u00e1<br>Foi prefeito de Fortaleza, governador do Cear\u00e1 e ministro dos governos Itamar Franco e Lula<br>J\u00e1 foi filiado ao MDB, PSDB, PPS, PSB e PROS. Atualmente est\u00e1 no PDT<br>Candidatou-se \u00e0 Presid\u00eancia em 1998, 2002 e 2018. Na \u00faltima elei\u00e7\u00e3o, ficou em terceiro lugar, com 12,4% dos votos v\u00e1lidos<\/p>\n","protected":false},"excerpt":{"rendered":"<p>Em entrevista \u00e0 reportagem, o ex-presidenci\u00e1vel defende o impeachment de Bolsonaro e afirma que \u201ca parte jur\u00eddica est\u00e1 dada, mas a pol\u00edtica ainda n\u00e3o\u201d. Ele&hellip; <\/p>\n","protected":false},"author":2,"featured_media":173929,"comment_status":"closed","ping_status":"closed","sticky":false,"template":"","format":"standard","meta":{"sfsi_plus_gutenberg_text_before_share":"","sfsi_plus_gutenberg_show_text_before_share":"","sfsi_plus_gutenberg_icon_type":"","sfsi_plus_gutenberg_icon_alignemt":"","sfsi_plus_gutenburg_max_per_row":"","footnotes":""},"categories":[11],"tags":[],"class_list":["post-173928","post","type-post","status-publish","format-standard","has-post-thumbnail","hentry","category-politica"],"_links":{"self":[{"href":"https:\/\/www.caririemacao.com\/1\/wp-json\/wp\/v2\/posts\/173928","targetHints":{"allow":["GET"]}}],"collection":[{"href":"https:\/\/www.caririemacao.com\/1\/wp-json\/wp\/v2\/posts"}],"about":[{"href":"https:\/\/www.caririemacao.com\/1\/wp-json\/wp\/v2\/types\/post"}],"author":[{"embeddable":true,"href":"https:\/\/www.caririemacao.com\/1\/wp-json\/wp\/v2\/users\/2"}],"replies":[{"embeddable":true,"href":"https:\/\/www.caririemacao.com\/1\/wp-json\/wp\/v2\/comments?post=173928"}],"version-history":[{"count":1,"href":"https:\/\/www.caririemacao.com\/1\/wp-json\/wp\/v2\/posts\/173928\/revisions"}],"predecessor-version":[{"id":173930,"href":"https:\/\/www.caririemacao.com\/1\/wp-json\/wp\/v2\/posts\/173928\/revisions\/173930"}],"wp:featuredmedia":[{"embeddable":true,"href":"https:\/\/www.caririemacao.com\/1\/wp-json\/wp\/v2\/media\/173929"}],"wp:attachment":[{"href":"https:\/\/www.caririemacao.com\/1\/wp-json\/wp\/v2\/media?parent=173928"}],"wp:term":[{"taxonomy":"category","embeddable":true,"href":"https:\/\/www.caririemacao.com\/1\/wp-json\/wp\/v2\/categories?post=173928"},{"taxonomy":"post_tag","embeddable":true,"href":"https:\/\/www.caririemacao.com\/1\/wp-json\/wp\/v2\/tags?post=173928"}],"curies":[{"name":"wp","href":"https:\/\/api.w.org\/{rel}","templated":true}]}}