{"id":173932,"date":"2020-06-12T11:57:00","date_gmt":"2020-06-12T14:57:00","guid":{"rendered":"https:\/\/www.caririemacao.com\/1\/?p=173932"},"modified":"2020-06-12T11:57:00","modified_gmt":"2020-06-12T14:57:00","slug":"pesquisa-demonstra-que-brasil-esta-longe-de-imunidade-coletiva","status":"publish","type":"post","link":"https:\/\/www.caririemacao.com\/1\/2020\/06\/12\/pesquisa-demonstra-que-brasil-esta-longe-de-imunidade-coletiva\/","title":{"rendered":"Pesquisa demonstra que Brasil est\u00e1 longe de imunidade coletiva"},"content":{"rendered":"\n<h1 class=\"wp-block-heading\"><\/h1>\n\n\n\n<p>Trata-se da varia\u00e7\u00e3o do n\u00famero de pessoas que tinham anticorpos para a doen\u00e7a, testadas na Epicovid-19, em 83 cidades para as quais \u00e9 poss\u00edvel comparar os dados das duas etapas. Nesses munic\u00edpios, a taxa de infec\u00e7\u00e3o passou de 1,7% da popula\u00e7\u00e3o para 2,6%. Na contagem oficial de casos, a evolu\u00e7\u00e3o foi de 33,5%.<\/p>\n\n\n\n<p>A relativamente baixa propor\u00e7\u00e3o de pessoas infectadas indica que a imunidade coletiva (\u201cde rebanho\u201d) ainda est\u00e1 longe. A infec\u00e7\u00e3o pelo coronav\u00edrus praticamente terminaria quando cerca de 65% de uma popula\u00e7\u00e3o estivesse infectada (essas proje\u00e7\u00f5es variam e s\u00e3o objeto de controv\u00e9rsia).<\/p>\n\n\n\n<p>Considerada a taxa de infectados na pesquisa e a evolu\u00e7\u00e3o recente da doen\u00e7a, levaria ainda de dois a tr\u00eas meses para que um estado como S\u00e3o Paulo chegasse perto da imunidade coletiva. No entanto a taxa de crescimento de novos casos cai, embora muito lentamente.<\/p>\n\n\n\n<p>No conjunto do pa\u00eds, pelos dados oficiais, o n\u00famero de casos tem crescido ao ritmo de cerca de 100% por quinzena. No estado de S\u00e3o Paulo, ao passo de 81%.<\/p>\n\n\n\n<p>Nas 120 cidades em que os pesquisadores puderam fazer mais de 200 testes vivem cerca de 68,6 milh\u00f5es de pessoas, das quais 2,8% tinham anticorpos, na estimativa da Epicovid-19. Logo, cerca de 1,9 milh\u00e3o de pessoas tinham sido at\u00e9 ent\u00e3o infectadas, tenham ou n\u00e3o apresentado sintomas da doen\u00e7a.<\/p>\n\n\n\n<p>Pelos n\u00fameros oficiais, at\u00e9 3 de junho esses munic\u00edpios haviam contado 296.305 casos e 19.124 mortes. Em geral, s\u00e3o contados oficialmente apenas casos sintom\u00e1ticos, dada a escassez de testes, entre outros problemas do sistema de sa\u00fade.<\/p>\n\n\n\n<p>Assim, o n\u00famero total de casos de infec\u00e7\u00e3o deve equivaler a seis vezes o total de casos oficiais, ao menos nessas 120 cidades (na primeira etapa da pesquisa, era de sete essa rela\u00e7\u00e3o entre casos de infec\u00e7\u00e3o e casos oficiais). A estimativa da Epicovid-19 sugere uma taxa de letalidade alta, de 1% (isto \u00e9, a porcentagem do total de infectados que acaba por morrer).<\/p>\n\n\n\n<p>\u201cOs resultados dessas 120 cidades n\u00e3o devem ser extrapolados para todo o pa\u00eds, nem usados para estimar o n\u00famero absoluto de casos no Brasil, pois s\u00e3o provenientes de cidades populosas, com circula\u00e7\u00e3o intensa de pessoas e que concentram servi\u00e7os de sa\u00fade\u201d, dizem os autores do estudo.<\/p>\n\n\n\n<p>A diferen\u00e7a de taxas de infec\u00e7\u00e3o pelas regi\u00f5es brasileiras \u00e9 grande. \u201cAs 15 cidades com maiores preval\u00eancias incluem 12 da regi\u00e3o Norte e 3 do Nordeste (Imperatriz, Fortaleza e Macei\u00f3). Na regi\u00e3o Sul, nenhuma cidade apresentou preval\u00eancia superior a 0,5%\u201d, diz o estudo.<\/p>\n\n\n\n<p>Na pesquisa, a cidade de S\u00e3o Paulo continua com algo pr\u00f3ximo de 3% de infectados. No Rio de Janeiro, de 7,5%. As capitais com maior preval\u00eancia na segunda etapa foram Boa Vista (RR), com 25,4%, Bel\u00e9m (PA), com 16,9% e Fortaleza (CE), 15,6%.<\/p>\n\n\n\n<p>O estudo \u00e9 um um teste de uma amostra da popula\u00e7\u00e3o. Os pesquisadores colheram exames gratuitos de 31.165 de 133 cidades de todos os estados do pa\u00eds.<\/p>\n\n\n\n<p>O trabalho \u00e9 coordenado por Pedro Hallal, epidemiologista e reitor da Universidade Federal de Pelotas, em colabora\u00e7\u00e3o com pesquisadores de Universidade de S\u00e3o Paulo, a Universidade Federal de S\u00e3o Paulo, a Universidade do Estado do Rio de Janeiro, a Funda\u00e7\u00e3o Get\u00falio Vargas e a Universidade Federal de Ci\u00eancias da Sa\u00fade de Porto Alegre.<\/p>\n","protected":false},"excerpt":{"rendered":"<p>Trata-se da varia\u00e7\u00e3o do n\u00famero de pessoas que tinham anticorpos para a doen\u00e7a, testadas na Epicovid-19, em 83 cidades para as quais \u00e9 poss\u00edvel comparar&hellip; <\/p>\n","protected":false},"author":2,"featured_media":173933,"comment_status":"closed","ping_status":"closed","sticky":false,"template":"","format":"standard","meta":{"sfsi_plus_gutenberg_text_before_share":"","sfsi_plus_gutenberg_show_text_before_share":"","sfsi_plus_gutenberg_icon_type":"","sfsi_plus_gutenberg_icon_alignemt":"","sfsi_plus_gutenburg_max_per_row":"","footnotes":""},"categories":[2],"tags":[],"class_list":["post-173932","post","type-post","status-publish","format-standard","has-post-thumbnail","hentry","category-geral"],"_links":{"self":[{"href":"https:\/\/www.caririemacao.com\/1\/wp-json\/wp\/v2\/posts\/173932","targetHints":{"allow":["GET"]}}],"collection":[{"href":"https:\/\/www.caririemacao.com\/1\/wp-json\/wp\/v2\/posts"}],"about":[{"href":"https:\/\/www.caririemacao.com\/1\/wp-json\/wp\/v2\/types\/post"}],"author":[{"embeddable":true,"href":"https:\/\/www.caririemacao.com\/1\/wp-json\/wp\/v2\/users\/2"}],"replies":[{"embeddable":true,"href":"https:\/\/www.caririemacao.com\/1\/wp-json\/wp\/v2\/comments?post=173932"}],"version-history":[{"count":1,"href":"https:\/\/www.caririemacao.com\/1\/wp-json\/wp\/v2\/posts\/173932\/revisions"}],"predecessor-version":[{"id":173934,"href":"https:\/\/www.caririemacao.com\/1\/wp-json\/wp\/v2\/posts\/173932\/revisions\/173934"}],"wp:featuredmedia":[{"embeddable":true,"href":"https:\/\/www.caririemacao.com\/1\/wp-json\/wp\/v2\/media\/173933"}],"wp:attachment":[{"href":"https:\/\/www.caririemacao.com\/1\/wp-json\/wp\/v2\/media?parent=173932"}],"wp:term":[{"taxonomy":"category","embeddable":true,"href":"https:\/\/www.caririemacao.com\/1\/wp-json\/wp\/v2\/categories?post=173932"},{"taxonomy":"post_tag","embeddable":true,"href":"https:\/\/www.caririemacao.com\/1\/wp-json\/wp\/v2\/tags?post=173932"}],"curies":[{"name":"wp","href":"https:\/\/api.w.org\/{rel}","templated":true}]}}