{"id":173942,"date":"2020-06-12T13:09:10","date_gmt":"2020-06-12T16:09:10","guid":{"rendered":"https:\/\/www.caririemacao.com\/1\/?p=173942"},"modified":"2020-06-12T13:09:10","modified_gmt":"2020-06-12T16:09:10","slug":"pesquisa-de-professor-da-ufcg-nao-preve-diminuicao-de-contagio-na-paraiba","status":"publish","type":"post","link":"https:\/\/www.caririemacao.com\/1\/2020\/06\/12\/pesquisa-de-professor-da-ufcg-nao-preve-diminuicao-de-contagio-na-paraiba\/","title":{"rendered":"Pesquisa de professor da UFCG n\u00e3o prev\u00ea diminui\u00e7\u00e3o de cont\u00e1gio na Para\u00edba"},"content":{"rendered":"\n<h1 class=\"wp-block-heading\"><\/h1>\n\n\n\n<p>O professor Josenildo Brito, da Universidade Federal de Campina Grande (UFCG), concedeu uma entrevista \u00e0 r\u00e1dio Cariri FM, na manh\u00e3 desta sexta-feira, 12, tratando de uma pesquisa desenvolvida por ele e que n\u00e3o indica achatamento da curva de cont\u00e1gio do novo coronav\u00edrus na Para\u00edba.<\/p>\n\n\n\n<p>Segundo ele, o estudo trata das proje\u00e7\u00f5es para o estado de S\u00e3o Paulo e tamb\u00e9m de esfera nacional. O professor pontuou que essa base de c\u00e1lculos se fundamenta em um curto prazo.<\/p>\n\n\n\n<p>\u201cN\u00f3s adotamos nessa pesquisa modelos que nos tragam proje\u00e7\u00f5es a curto prazo, mais precisamente sete dias, ou at\u00e9 no m\u00e1ximo 15. E, falando claramente, as proje\u00e7\u00f5es n\u00e3o mostram achatamento algum\u201d, afirmou.<\/p>\n\n\n\n<p>Josenildo Brito esclareceu tamb\u00e9m que as proje\u00e7\u00f5es epidemiol\u00f3gicas usadas em outros estudos em n\u00edvel de mundo acabam por apresentar uma poss\u00edvel curva decrescente de casos, devido ao per\u00edodo de tempo aplicado. Diferentemente da dele, essas outras se baseiam em c\u00e1lculos de longo prazo.<\/p>\n\n\n\n<p>Na contram\u00e3o desse achatamento apontado nas pesquisas com an\u00e1lises em uma maior quantidade de dias, o professor destacou que levando em considera\u00e7\u00e3o essa l\u00f3gica, crescem tamb\u00e9m o n\u00famero de infectados e a demora para o retorno do chamado novo normal.<\/p>\n","protected":false},"excerpt":{"rendered":"<p>O professor Josenildo Brito, da Universidade Federal de Campina Grande (UFCG), concedeu uma entrevista \u00e0 r\u00e1dio Cariri FM, na manh\u00e3 desta sexta-feira, 12, tratando de&hellip; <\/p>\n","protected":false},"author":2,"featured_media":173943,"comment_status":"closed","ping_status":"closed","sticky":false,"template":"","format":"standard","meta":{"sfsi_plus_gutenberg_text_before_share":"","sfsi_plus_gutenberg_show_text_before_share":"","sfsi_plus_gutenberg_icon_type":"","sfsi_plus_gutenberg_icon_alignemt":"","sfsi_plus_gutenburg_max_per_row":"","footnotes":""},"categories":[2],"tags":[],"class_list":["post-173942","post","type-post","status-publish","format-standard","has-post-thumbnail","hentry","category-geral"],"_links":{"self":[{"href":"https:\/\/www.caririemacao.com\/1\/wp-json\/wp\/v2\/posts\/173942","targetHints":{"allow":["GET"]}}],"collection":[{"href":"https:\/\/www.caririemacao.com\/1\/wp-json\/wp\/v2\/posts"}],"about":[{"href":"https:\/\/www.caririemacao.com\/1\/wp-json\/wp\/v2\/types\/post"}],"author":[{"embeddable":true,"href":"https:\/\/www.caririemacao.com\/1\/wp-json\/wp\/v2\/users\/2"}],"replies":[{"embeddable":true,"href":"https:\/\/www.caririemacao.com\/1\/wp-json\/wp\/v2\/comments?post=173942"}],"version-history":[{"count":1,"href":"https:\/\/www.caririemacao.com\/1\/wp-json\/wp\/v2\/posts\/173942\/revisions"}],"predecessor-version":[{"id":173944,"href":"https:\/\/www.caririemacao.com\/1\/wp-json\/wp\/v2\/posts\/173942\/revisions\/173944"}],"wp:featuredmedia":[{"embeddable":true,"href":"https:\/\/www.caririemacao.com\/1\/wp-json\/wp\/v2\/media\/173943"}],"wp:attachment":[{"href":"https:\/\/www.caririemacao.com\/1\/wp-json\/wp\/v2\/media?parent=173942"}],"wp:term":[{"taxonomy":"category","embeddable":true,"href":"https:\/\/www.caririemacao.com\/1\/wp-json\/wp\/v2\/categories?post=173942"},{"taxonomy":"post_tag","embeddable":true,"href":"https:\/\/www.caririemacao.com\/1\/wp-json\/wp\/v2\/tags?post=173942"}],"curies":[{"name":"wp","href":"https:\/\/api.w.org\/{rel}","templated":true}]}}