{"id":173945,"date":"2020-06-12T13:10:48","date_gmt":"2020-06-12T16:10:48","guid":{"rendered":"https:\/\/www.caririemacao.com\/1\/?p=173945"},"modified":"2020-06-12T13:10:48","modified_gmt":"2020-06-12T16:10:48","slug":"espanhol-volta-com-vitoria-do-sevilla-em-classico-e-abracos-apos-gols","status":"publish","type":"post","link":"https:\/\/www.caririemacao.com\/1\/2020\/06\/12\/espanhol-volta-com-vitoria-do-sevilla-em-classico-e-abracos-apos-gols\/","title":{"rendered":"Espanhol volta com vit\u00f3ria do Sevilla em cl\u00e1ssico e abra\u00e7os ap\u00f3s gols"},"content":{"rendered":"\n<h1 class=\"wp-block-heading\"><\/h1>\n\n\n\n<p><\/p>\n\n\n\n<p>Bola de um lado, goleiro do outro. N\u00e3o \u00e9 exatamente esse o distanciamento social ao qual se referem os protocolos de sanit\u00e1rios pelo mundo, mas, \u00e9 como foi o gol inaugural da volta do Campeonato Espanhol de futebol ap\u00f3s&nbsp;92 dias&nbsp;de paralisa\u00e7\u00e3o devido \u00e0 pandemia do novo coronav\u00edrus (covid-19).<\/p>\n\n\n\n<p>Coube ao atacante argentino Lucas Ocampos, de p\u00eanalti (assinalado com aux\u00edlio do \u00e1rbitro de v\u00eddeo), abrir o placar para o Sevilla no cl\u00e1ssico local diante do Betis, e ao volante brasileiro Fernando o gol que decidiu o placar no est\u00e1dio Ram\u00f3n S\u00e1nchez Pizju\u00e1n nesta&nbsp;quinta-feira (11).<img decoding=\"async\" data-src=\"https:\/\/agenciabrasil.ebc.com.br\/ebc.png?id=1309369&amp;o=node\" alt=\"Para\u00edba Online \u2022 Espanhol volta com vit\u00f3ria do Sevilla em cl\u00e1ssico e abra\u00e7os ap\u00f3s gols\" src=\"data:image\/svg+xml;base64,PHN2ZyB3aWR0aD0iMSIgaGVpZ2h0PSIxIiB4bWxucz0iaHR0cDovL3d3dy53My5vcmcvMjAwMC9zdmciPjwvc3ZnPg==\" class=\"lazyload\"><\/p>\n\n\n\n<p>Na vit\u00f3ria dos donos da casa por 2 a 0, a festa se limitou aos pr\u00f3prios jogadores e comiss\u00e3o t\u00e9cnica do Sevilla, j\u00e1 que o protocolo para retomada do futebol prev\u00ea port\u00f5es fechados.<\/p>\n\n\n\n<p>Um v\u00eddeo do site do jornal espanhol Marca, divulgado antes da bola rolar, mostra policiais rodeando a parte externa do est\u00e1dio para evitar a presen\u00e7a de torcedores no per\u00edmetro, al\u00e9m de barreiras de prote\u00e7\u00e3o e o monitoramento de um helic\u00f3ptero.<\/p>\n\n\n\n<p>O documento elaborado pela liga recomenda, tamb\u00e9m, que os jogadores minimizem ao m\u00e1ximo os cumprimentos ao comemorar gols.<\/p>\n\n\n\n<p>A orienta\u00e7\u00e3o n\u00e3o foi exatamente seguida pelos jogadores do Sevilla, que abra\u00e7aram Ocampos efusivamente ap\u00f3s o atacante balan\u00e7ar as redes aos 10 minutos do segundo tempo.<\/p>\n\n\n\n<p>N\u00e3o foi diferente quando Fernando, na sequ\u00eancia de um passe de calcanhar de Ocampos, desviou para a meta do Betis. Al\u00e9m dos titulares, os atletas reservas, que se aqueciam&nbsp;atr\u00e1s da linha lateral (respeitando o distanciamento), foram celebrar com o brasileiro.<\/p>\n\n\n\n<p>Atletas n\u00e3o relacionados pelo Sevilla, com m\u00e1scaras e afastados uns dos outros, vibraram isolados na arquibancada.<\/p>\n\n\n\n<p>Uma das novidades do retorno do Campeonato Espanhol foi a libera\u00e7\u00e3o de at\u00e9 cinco substitui\u00e7\u00f5es devido ao longo tempo de inatividade dos atletas. No banco de reservas, os jogadores foram orientados a utilizar m\u00e1scaras e luvas, com exce\u00e7\u00e3o do t\u00e9cnico.<\/p>\n\n\n\n<p>A rotatividade no banco foi significativa, j\u00e1 que os dois times fizeram as 10 substitui\u00e7\u00f5es poss\u00edveis na partida. E o Betis ainda faria mais uma se poss\u00edvel, j\u00e1 que, nos minutos finais, o&nbsp;defensor Marc Bartra reclamou de c\u00e2imbras.<\/p>\n\n\n\n<p>O resultado da \u00fanica partida desta&nbsp;quinta&nbsp;levou o Sevilla aos 50 pontos, seis atr\u00e1s do vice-l\u00edder Real Madrid e a oito do Barcelona, primeiro colocado \u2013 ambos t\u00eam um jogo a menos.<\/p>\n\n\n\n<p>O Betis, por sua vez, estacionou nos 33 pontos e est\u00e1 em 12\u00ba, mas pode cair para 14\u00ba lugar na sequ\u00eancia da 28\u00aa rodada.<\/p>\n\n\n\n<p>Na&nbsp;sexta-feira (12), dois jogos d\u00e3o sequ\u00eancia \u00e0 retomada do Campeonato Espanhol. O Granada (9\u00ba) recebe o Getafe (4\u00ba) \u00e0s 14h30 (de Bras\u00edlia). J\u00e1 \u00e0s 17h (de Bras\u00edlia), Valencia (7\u00ba) e Levante (13\u00ba) fazem outro cl\u00e1ssico local.<\/p>\n","protected":false},"excerpt":{"rendered":"<p>Bola de um lado, goleiro do outro. N\u00e3o \u00e9 exatamente esse o distanciamento social ao qual se referem os protocolos de sanit\u00e1rios pelo mundo, mas,&hellip; <\/p>\n","protected":false},"author":2,"featured_media":173946,"comment_status":"closed","ping_status":"closed","sticky":false,"template":"","format":"standard","meta":{"sfsi_plus_gutenberg_text_before_share":"","sfsi_plus_gutenberg_show_text_before_share":"","sfsi_plus_gutenberg_icon_type":"","sfsi_plus_gutenberg_icon_alignemt":"","sfsi_plus_gutenburg_max_per_row":"","footnotes":""},"categories":[2],"tags":[],"class_list":["post-173945","post","type-post","status-publish","format-standard","has-post-thumbnail","hentry","category-geral"],"_links":{"self":[{"href":"https:\/\/www.caririemacao.com\/1\/wp-json\/wp\/v2\/posts\/173945","targetHints":{"allow":["GET"]}}],"collection":[{"href":"https:\/\/www.caririemacao.com\/1\/wp-json\/wp\/v2\/posts"}],"about":[{"href":"https:\/\/www.caririemacao.com\/1\/wp-json\/wp\/v2\/types\/post"}],"author":[{"embeddable":true,"href":"https:\/\/www.caririemacao.com\/1\/wp-json\/wp\/v2\/users\/2"}],"replies":[{"embeddable":true,"href":"https:\/\/www.caririemacao.com\/1\/wp-json\/wp\/v2\/comments?post=173945"}],"version-history":[{"count":1,"href":"https:\/\/www.caririemacao.com\/1\/wp-json\/wp\/v2\/posts\/173945\/revisions"}],"predecessor-version":[{"id":173947,"href":"https:\/\/www.caririemacao.com\/1\/wp-json\/wp\/v2\/posts\/173945\/revisions\/173947"}],"wp:featuredmedia":[{"embeddable":true,"href":"https:\/\/www.caririemacao.com\/1\/wp-json\/wp\/v2\/media\/173946"}],"wp:attachment":[{"href":"https:\/\/www.caririemacao.com\/1\/wp-json\/wp\/v2\/media?parent=173945"}],"wp:term":[{"taxonomy":"category","embeddable":true,"href":"https:\/\/www.caririemacao.com\/1\/wp-json\/wp\/v2\/categories?post=173945"},{"taxonomy":"post_tag","embeddable":true,"href":"https:\/\/www.caririemacao.com\/1\/wp-json\/wp\/v2\/tags?post=173945"}],"curies":[{"name":"wp","href":"https:\/\/api.w.org\/{rel}","templated":true}]}}