{"id":173949,"date":"2020-06-12T13:37:51","date_gmt":"2020-06-12T16:37:51","guid":{"rendered":"https:\/\/www.caririemacao.com\/1\/?p=173949"},"modified":"2020-06-12T13:37:51","modified_gmt":"2020-06-12T16:37:51","slug":"bolsonaro-sanciona-lei-que-confirma-salario-minimo-em-r-1-045","status":"publish","type":"post","link":"https:\/\/www.caririemacao.com\/1\/2020\/06\/12\/bolsonaro-sanciona-lei-que-confirma-salario-minimo-em-r-1-045\/","title":{"rendered":"Bolsonaro sanciona lei que confirma sal\u00e1rio-m\u00ednimo em R$ 1.045"},"content":{"rendered":"\n<p>O presidente Jair Bolsonaro sancionou nesta sexta-feira (12) a lei que confirma o sal\u00e1rio-m\u00ednimo em R$ 1.045 a partir de fevereiro de 2020. A decis\u00e3o foi publicada no DOU (Di\u00e1rio Oficial da Uni\u00e3o), assinada por Bolsonaro e pelo ministro da Economia, Paulo Guedes.&nbsp;<\/p>\n\n\n\n<p>Segundo o texto, o m\u00ednimo passa a ser de R$ 34,83 por dia e R$ 4,75 por hora.&nbsp;<\/p>\n\n\n\n<p>O valor era de R$ 1.039 em janeiro deste ano.&nbsp;<\/p>\n\n\n\n<p>O Senado Federal aprovou em 27 de maio, por unanimidade, a MP (Medida Provis\u00f3ria) que fixou o valor do sal\u00e1rio m\u00ednimo em R$ 1.045, que j\u00e1 tinha sido aprovada pela C\u00e2mara dos Deputados.&nbsp;<\/p>\n\n\n\n<p>Estimativas divulgadas pelo governo apontam que cada R$ 1 a mais no sal\u00e1rio m\u00ednimo resulta em um aumento de R$ 355,5 milh\u00f5es nas despesas p\u00fablicas. Ao todo, o reajuste do sal\u00e1rio m\u00ednimo de R$ 1.039 para R$ 1.045 ter\u00e1 impacto de R$ 2,13 bilh\u00f5es para o governo neste ano.<\/p>\n","protected":false},"excerpt":{"rendered":"<p>O presidente Jair Bolsonaro sancionou nesta sexta-feira (12) a lei que confirma o sal\u00e1rio-m\u00ednimo em R$ 1.045 a partir de fevereiro de 2020. A decis\u00e3o&hellip; <\/p>\n","protected":false},"author":2,"featured_media":172687,"comment_status":"closed","ping_status":"closed","sticky":false,"template":"","format":"standard","meta":{"sfsi_plus_gutenberg_text_before_share":"","sfsi_plus_gutenberg_show_text_before_share":"","sfsi_plus_gutenberg_icon_type":"","sfsi_plus_gutenberg_icon_alignemt":"","sfsi_plus_gutenburg_max_per_row":"","footnotes":""},"categories":[11],"tags":[],"class_list":["post-173949","post","type-post","status-publish","format-standard","has-post-thumbnail","hentry","category-politica"],"_links":{"self":[{"href":"https:\/\/www.caririemacao.com\/1\/wp-json\/wp\/v2\/posts\/173949","targetHints":{"allow":["GET"]}}],"collection":[{"href":"https:\/\/www.caririemacao.com\/1\/wp-json\/wp\/v2\/posts"}],"about":[{"href":"https:\/\/www.caririemacao.com\/1\/wp-json\/wp\/v2\/types\/post"}],"author":[{"embeddable":true,"href":"https:\/\/www.caririemacao.com\/1\/wp-json\/wp\/v2\/users\/2"}],"replies":[{"embeddable":true,"href":"https:\/\/www.caririemacao.com\/1\/wp-json\/wp\/v2\/comments?post=173949"}],"version-history":[{"count":1,"href":"https:\/\/www.caririemacao.com\/1\/wp-json\/wp\/v2\/posts\/173949\/revisions"}],"predecessor-version":[{"id":173950,"href":"https:\/\/www.caririemacao.com\/1\/wp-json\/wp\/v2\/posts\/173949\/revisions\/173950"}],"wp:featuredmedia":[{"embeddable":true,"href":"https:\/\/www.caririemacao.com\/1\/wp-json\/wp\/v2\/media\/172687"}],"wp:attachment":[{"href":"https:\/\/www.caririemacao.com\/1\/wp-json\/wp\/v2\/media?parent=173949"}],"wp:term":[{"taxonomy":"category","embeddable":true,"href":"https:\/\/www.caririemacao.com\/1\/wp-json\/wp\/v2\/categories?post=173949"},{"taxonomy":"post_tag","embeddable":true,"href":"https:\/\/www.caririemacao.com\/1\/wp-json\/wp\/v2\/tags?post=173949"}],"curies":[{"name":"wp","href":"https:\/\/api.w.org\/{rel}","templated":true}]}}