{"id":173952,"date":"2020-06-12T16:23:43","date_gmt":"2020-06-12T19:23:43","guid":{"rendered":"https:\/\/www.caririemacao.com\/1\/?p=173952"},"modified":"2020-06-12T16:23:43","modified_gmt":"2020-06-12T19:23:43","slug":"policia-militar-realiza-distribuicao-de-cestas-basicas-na-campanha-somos-solidariedade-para-familias-carentes-no-cariri","status":"publish","type":"post","link":"https:\/\/www.caririemacao.com\/1\/2020\/06\/12\/policia-militar-realiza-distribuicao-de-cestas-basicas-na-campanha-somos-solidariedade-para-familias-carentes-no-cariri\/","title":{"rendered":"Pol\u00edcia Militar realiza distribui\u00e7\u00e3o de cestas b\u00e1sicas na campanha &#8220;somos solidariedade&#8221; para fam\u00edlias carentes no Cariri"},"content":{"rendered":"\n<p>Policiais Militares pertencentes ao 11\u00ba BPM, na manh\u00e3 da sexta-feira (12), realizaram a doa\u00e7\u00e3o de alimentos e materiais de higiene, que foram arrecadados durante a\u00e7\u00f5es da Campanha \u201cSomos Solidariedade\u201d, que foi promovida pelo Governo do Estado da Para\u00edba, por meio de uma a\u00e7\u00e3o integrada da Secretaria de Estado do Desenvolvimento Humano (SEDH), Casa Militar, Pol\u00edcia Militar e Corpo de Bombeiros Militar, em parceria com a Arquidiocese da Para\u00edba.<\/p>\n\n\n\n<p><em>Em Monteiro:<\/em> Foram contempladas fam\u00edlias carentes e em situa\u00e7\u00e3o de vulnerabilidade, residentes na Vila Santa Maria, Conjunto Mutir\u00e3o e fam\u00edlias acampadas no lix\u00e3o.<\/p>\n\n\n\n<p><em>Em Sum\u00e9:<\/em> As cestas foram entregues na Casa dos idosos Ros\u00e1lia Paulino.<\/p>\n\n\n\n<p><em>Em Serra Branca:<\/em> Os donativos foram entregues no Abrigo S\u00e3o Vicente de Paulo.<\/p>\n\n\n\n<p><em>11\u00ba BPM \u2013 Batalh\u00e3o 1\u00ba SGT Ylton Sales Silva<\/em><br><em>Se\u00e7\u00e3o de Comunica\u00e7\u00e3o Social e Marketing Institucional do 11\u00ba BPM<\/em><\/p>\n\n\n\n<figure class=\"wp-block-image size-large\"><img fetchpriority=\"high\" decoding=\"async\" width=\"1024\" height=\"768\" src=\"https:\/\/www.caririemacao.com\/1\/wp-content\/uploads\/2020\/06\/IMG-20200612-WA0182-1024x768.jpg\" alt=\"\" class=\"wp-image-173954\" srcset=\"https:\/\/www.caririemacao.com\/1\/wp-content\/uploads\/2020\/06\/IMG-20200612-WA0182-1024x768.jpg 1024w, https:\/\/www.caririemacao.com\/1\/wp-content\/uploads\/2020\/06\/IMG-20200612-WA0182-300x225.jpg 300w, https:\/\/www.caririemacao.com\/1\/wp-content\/uploads\/2020\/06\/IMG-20200612-WA0182-768x576.jpg 768w, https:\/\/www.caririemacao.com\/1\/wp-content\/uploads\/2020\/06\/IMG-20200612-WA0182.jpg 1280w\" sizes=\"(max-width: 1024px) 100vw, 1024px\" \/><\/figure>\n\n\n\n<figure class=\"wp-block-image size-large\"><img decoding=\"async\" width=\"1024\" height=\"576\" data-src=\"https:\/\/www.caririemacao.com\/1\/wp-content\/uploads\/2020\/06\/IMG-20200612-WA0185-1024x576.jpg\" alt=\"\" class=\"wp-image-173955 lazyload\" data-srcset=\"https:\/\/www.caririemacao.com\/1\/wp-content\/uploads\/2020\/06\/IMG-20200612-WA0185-1024x576.jpg 1024w, https:\/\/www.caririemacao.com\/1\/wp-content\/uploads\/2020\/06\/IMG-20200612-WA0185-300x169.jpg 300w, https:\/\/www.caririemacao.com\/1\/wp-content\/uploads\/2020\/06\/IMG-20200612-WA0185-768x432.jpg 768w, https:\/\/www.caririemacao.com\/1\/wp-content\/uploads\/2020\/06\/IMG-20200612-WA0185.jpg 1032w\" data-sizes=\"(max-width: 1024px) 100vw, 1024px\" src=\"data:image\/svg+xml;base64,PHN2ZyB3aWR0aD0iMSIgaGVpZ2h0PSIxIiB4bWxucz0iaHR0cDovL3d3dy53My5vcmcvMjAwMC9zdmciPjwvc3ZnPg==\" style=\"--smush-placeholder-width: 1024px; --smush-placeholder-aspect-ratio: 1024\/576;\" \/><\/figure>\n","protected":false},"excerpt":{"rendered":"<p>Policiais Militares pertencentes ao 11\u00ba BPM, na manh\u00e3 da sexta-feira (12), realizaram a doa\u00e7\u00e3o de alimentos e materiais de higiene, que foram arrecadados durante a\u00e7\u00f5es&hellip; <\/p>\n","protected":false},"author":1,"featured_media":173953,"comment_status":"closed","ping_status":"closed","sticky":false,"template":"","format":"standard","meta":{"sfsi_plus_gutenberg_text_before_share":"","sfsi_plus_gutenberg_show_text_before_share":"","sfsi_plus_gutenberg_icon_type":"","sfsi_plus_gutenberg_icon_alignemt":"","sfsi_plus_gutenburg_max_per_row":"","footnotes":""},"categories":[50,12],"tags":[],"class_list":["post-173952","post","type-post","status-publish","format-standard","has-post-thumbnail","hentry","category-destaque","category-policia"],"_links":{"self":[{"href":"https:\/\/www.caririemacao.com\/1\/wp-json\/wp\/v2\/posts\/173952","targetHints":{"allow":["GET"]}}],"collection":[{"href":"https:\/\/www.caririemacao.com\/1\/wp-json\/wp\/v2\/posts"}],"about":[{"href":"https:\/\/www.caririemacao.com\/1\/wp-json\/wp\/v2\/types\/post"}],"author":[{"embeddable":true,"href":"https:\/\/www.caririemacao.com\/1\/wp-json\/wp\/v2\/users\/1"}],"replies":[{"embeddable":true,"href":"https:\/\/www.caririemacao.com\/1\/wp-json\/wp\/v2\/comments?post=173952"}],"version-history":[{"count":1,"href":"https:\/\/www.caririemacao.com\/1\/wp-json\/wp\/v2\/posts\/173952\/revisions"}],"predecessor-version":[{"id":173956,"href":"https:\/\/www.caririemacao.com\/1\/wp-json\/wp\/v2\/posts\/173952\/revisions\/173956"}],"wp:featuredmedia":[{"embeddable":true,"href":"https:\/\/www.caririemacao.com\/1\/wp-json\/wp\/v2\/media\/173953"}],"wp:attachment":[{"href":"https:\/\/www.caririemacao.com\/1\/wp-json\/wp\/v2\/media?parent=173952"}],"wp:term":[{"taxonomy":"category","embeddable":true,"href":"https:\/\/www.caririemacao.com\/1\/wp-json\/wp\/v2\/categories?post=173952"},{"taxonomy":"post_tag","embeddable":true,"href":"https:\/\/www.caririemacao.com\/1\/wp-json\/wp\/v2\/tags?post=173952"}],"curies":[{"name":"wp","href":"https:\/\/api.w.org\/{rel}","templated":true}]}}