{"id":173992,"date":"2020-06-13T06:27:34","date_gmt":"2020-06-13T09:27:34","guid":{"rendered":"https:\/\/www.caririemacao.com\/1\/?p=173992"},"modified":"2020-06-13T06:27:34","modified_gmt":"2020-06-13T09:27:34","slug":"confira-os-detalhes-para-a-retomada-gradual-das-atividades-na-paraiba","status":"publish","type":"post","link":"https:\/\/www.caririemacao.com\/1\/2020\/06\/13\/confira-os-detalhes-para-a-retomada-gradual-das-atividades-na-paraiba\/","title":{"rendered":"Confira os detalhes para a retomada gradual das atividades na Para\u00edba"},"content":{"rendered":"\n<h1 class=\"wp-block-heading\"><\/h1>\n\n\n\n<p>O governador Jo\u00e3o Azev\u00eado assinou, nesta sexta-feira (12), o decreto 40.304, que disp\u00f5e sobre a ado\u00e7\u00e3o do plano \u2018Novo Normal Para\u00edba\u2019 e estabelece a matriz de orienta\u00e7\u00e3o para a retomada gradual e segura das atividades em todo o Estado a partir da pr\u00f3xima segunda-feira (15).<\/p>\n\n\n\n<p>O documento tamb\u00e9m apresenta as diretrizes que dever\u00e3o ser utilizadas nos ambientes de trabalho, visando ao cumprimento do distanciamento social e das medidas de higieniza\u00e7\u00e3o, a\u00e7\u00f5es necess\u00e1rias para evitar o cont\u00e1gio pelo novo coronav\u00edrus.<\/p>\n\n\n\n<p>O plano de retomada gradual das atividades foi viabilizado devido \u00e0 consistente amplia\u00e7\u00e3o das capacidades de resposta do Sistema de Sa\u00fade paraibano, com a oferta de mais de mil leitos para os cuidados demandados pela Covid-19 em toda a Para\u00edba; ao aumento da testagem da popula\u00e7\u00e3o; e aos avan\u00e7os das medidas para desacelera\u00e7\u00e3o paulatina da dissemina\u00e7\u00e3o do v\u00edrus; al\u00e9m da manuten\u00e7\u00e3o da menor taxa de letalidade da regi\u00e3o Nordeste.<\/p>\n\n\n\n<p>As diretrizes tamb\u00e9m foram discutidas com representantes da sociedade civil e do setor produtivo, com o objetivo de implementar e avaliar a\u00e7\u00f5es e medidas estrat\u00e9gicas de enfrentamento \u00e0 pandemia decorrente do coronav\u00edrus.<\/p>\n\n\n\n<p>O que deve voltar e o que continua fechado \u2013 De acordo com o novo decreto, voltam a funcionar a partir do dia 15, os terminais rodovi\u00e1rios pertencentes ao Estado e o transporte intermunicipal, que dever\u00e3o obedecer \u00e0s normas editadas pelo Departamento de Estradas de Rodagem da Para\u00edba (DER-PB).<img decoding=\"async\" data-src=\"https:\/\/paraibaonline.com.br\/wp-content\/uploads\/2020\/06\/unnamed-26.jpg\" alt=\"Foto: Secom\/PB\" data-srcset=\"https:\/\/paraibaonline.com.br\/wp-content\/uploads\/2020\/06\/unnamed-26.jpg 1024w, https:\/\/paraibaonline.com.br\/wp-content\/uploads\/2020\/06\/unnamed-26-556x417.jpg 556w, https:\/\/paraibaonline.com.br\/wp-content\/uploads\/2020\/06\/unnamed-26-883x662.jpg 883w, https:\/\/paraibaonline.com.br\/wp-content\/uploads\/2020\/06\/unnamed-26-800x600.jpg 800w\" src=\"data:image\/svg+xml;base64,PHN2ZyB3aWR0aD0iMSIgaGVpZ2h0PSIxIiB4bWxucz0iaHR0cDovL3d3dy53My5vcmcvMjAwMC9zdmciPjwvc3ZnPg==\" class=\"lazyload\"><\/p>\n\n\n\n<p>Foto: Secom\/PB<\/p>\n\n\n\n<p>A constru\u00e7\u00e3o civil, incluindo as obras p\u00fablicas e privadas, tamb\u00e9m poder\u00e1 voltar a funcionar, observando os protocolos espec\u00edficos do setor e todas as normas de distanciamento social.<\/p>\n\n\n\n<p>J\u00e1 as aulas presenciais nas escolas, universidades e faculdades da rede p\u00fablica e privada permanecer\u00e3o suspensas, bem como o expediente presencial nas reparti\u00e7\u00f5es p\u00fablicas estaduais, com exce\u00e7\u00e3o dos servi\u00e7os desenvolvidos pelas Secretarias de Sa\u00fade; Seguran\u00e7a e Defesa Social; Administra\u00e7\u00e3o Penitenci\u00e1ria; Comunica\u00e7\u00e3o; Desenvolvimento Humano; Cagepa; Detran; Sudema; Agevisa e Fundac, que ficam sujeitos \u00e0 jornada de trabalho estabelecida pela chefia imediata, n\u00e3o sendo permitido o trabalho presencial dos servidores que tenham hist\u00f3rico de doen\u00e7as respirat\u00f3rias ou doen\u00e7as cr\u00f4nicas, ou cujos familiares, que habitam a mesma resid\u00eancia, tenham doen\u00e7as cr\u00f4nicas, devidamente comprovadas atrav\u00e9s de atestados m\u00e9dicos; gestantes e lactantes; ou funcion\u00e1rios que manifestarem sintomas respirat\u00f3rios, como febre, tosse, coriza ou dificuldade de respirar.<\/p>\n\n\n\n<p>Os equipamentos p\u00fablicos de cultura e esporte, pertencentes ao Estado, tamb\u00e9m continuar\u00e3o fechados.<\/p>\n\n\n\n<p>Plano \u2018Novo Normal Para\u00edba\u2019- A matriz de orienta\u00e7\u00e3o para retomada das atividades em todo o estado indica os segmentos autorizados a retomar atividades com mudan\u00e7as no formato de funcionamento, independe de bandeira\/fase.<\/p>\n\n\n\n<p>O plano foi desenvolvido pela Secretaria de Sa\u00fade e pela Controladoria Geral do Estado e \u00e9 baseado em indicadores como a quantidade percentual de novos casos, letalidade (\u00f3bitos), ocupa\u00e7\u00e3o da rede hospitalar da regi\u00e3o e percentual de isolamento social.<\/p>\n\n\n\n<p>Cada munic\u00edpio recebe uma bandeira de cor, que varia de vermelho ao verde, de acordo com \u00edndices de propaga\u00e7\u00e3o do v\u00edrus e risco para a popula\u00e7\u00e3o com rela\u00e7\u00e3o \u00e0 assist\u00eancia hospitalar.<\/p>\n\n\n\n<p>Com esta informa\u00e7\u00e3o, observa-se quais tipos de neg\u00f3cios podem ser abertos e como devem funcionar.<\/p>\n\n\n\n<p>\u201cO Estado vai sinalizar, cabe aos munic\u00edpios referendar ou n\u00e3o as orienta\u00e7\u00f5es para abertura dos segmentos\u201d, explicou o secret\u00e1rio chefe da Controladoria Geral do Estado, Let\u00e1cio Guedes Junior.<\/p>\n\n\n\n<p>Ser\u00e1 liberado para o funcionamento, em qualquer bandeira, sal\u00f5es de beleza e barbearias, atendendo exclusivamente por agendamento pr\u00e9vio e sem aglomera\u00e7\u00e3o de pessoas nas suas depend\u00eancias e observando todas as normas de distanciamento social; shoppings centers, exclusivamente para entrega de mercadorias por meio de (delivery), inclusive por aplicativos, e como pontos de retirada de mercadorias (drive trhu), vedado, em qualquer caso, o atendimento presencial de clientes dentro das suas depend\u00eancias; as lojas e estabelecimentos comerciais, exclusivamente para entrega de mercadorias (delivery); missas, cultos e demais cerim\u00f4nias religiosas poder\u00e3o ser realizadas online, por meio de sistema de drive-in e nas sedes das igrejas e templos, neste caso com ocupa\u00e7\u00e3o m\u00e1xima de 30% da capacidade e observando todas as normas de distanciamento social; hot\u00e9is, pousadas e similares, exclusivamente para atendimentos relacionados \u00e0 pandemia do novo coronav\u00edrus; estabelecimentos que trabalham com loca\u00e7\u00e3o de ve\u00edculos; e treinamentos de atletas profissionais, observando todas as normas de distanciamento social.<\/p>\n\n\n\n<p>Nos munic\u00edpios sinalizados com bandeira laranja e vermelha, poder\u00e3o funcionar \u2013 al\u00e9m dos j\u00e1 sinalizados com adequa\u00e7\u00e3o \u2013 apenas atividades essenciais, como: agropecu\u00e1ria; cadeia produtiva e atividades acess\u00f3rias essenciais; bancos, casas lot\u00e9ricas, correspondentes banc\u00e1rios e seguradoras; empresas de telecomunica\u00e7\u00e3o, comunica\u00e7\u00e3o e imprensa; distribuidoras e geradoras energia, atividades de extra\u00e7\u00e3o, produ\u00e7\u00e3o, sider\u00fargica e afins; transporte, armazenagem, empresas de log\u00edstica, Correios e manuten\u00e7\u00e3o de ve\u00edculos automotores; supermercados e afins; servi\u00e7os de Sa\u00fade; tratamento de \u00e1gua e esgoto e coleta de res\u00edduos; e administra\u00e7\u00e3o p\u00fablica (observada a ado\u00e7\u00e3o regimes home office).<\/p>\n\n\n\n<p>Nas regi\u00f5es com bandeira amarela, funcionam os j\u00e1 autorizados na bandeira vermelha e laranja, al\u00e9m de hot\u00e9is, pousadas e afins; com\u00e9rcio, shoppings centers, com\u00e9rcio popular (camel\u00f4s) e servi\u00e7os em geral; escolinhas de esporte sem contato f\u00edsico (nata\u00e7\u00e3o e t\u00eanis, por exemplo).<\/p>\n\n\n\n<p>Todos os segmentos da economia e da sociedade podem retomar suas atividades nos munic\u00edpios que se encontram na bandeira verde, observando a ado\u00e7\u00e3o de protocolos operacionais para funcionamento das diversas atividades, que ter\u00e3o como foco a prote\u00e7\u00e3o do indiv\u00edduo, que deve passar a viver o \u2018novo normal\u2019, fazendo escolhas e evitando o contato entre pessoas; ambientes fechados e confinados e aglomera\u00e7\u00f5es, mesmo ao ar livre.<\/p>\n\n\n\n<p>A SES ir\u00e1 disponibilizar no site do coronav\u00edrus (paraiba.pb.gov.br\/coronavirus) os protocolos de opera\u00e7\u00f5es com orienta\u00e7\u00f5es padr\u00f5es para utiliza\u00e7\u00e3o pelos munic\u00edpios. Tais protocolos \u2013 j\u00e1 aprovados pela SES e MPT \u2013 dever\u00e3o ser adotados para retorno das atividades, de acordo com bandeira de vincula\u00e7\u00e3o do segmento.<\/p>\n\n\n\n<p>\u201c\u00c9 importante que, com base nessas informa\u00e7\u00f5es, gestores p\u00fablicos e a popula\u00e7\u00e3o possam fazer escolhas respons\u00e1veis e conscientes, observando o risco de propaga\u00e7\u00e3o do v\u00edrus\u201d, alertou Let\u00e1cio.<\/p>\n","protected":false},"excerpt":{"rendered":"<p>O governador Jo\u00e3o Azev\u00eado assinou, nesta sexta-feira (12), o decreto 40.304, que disp\u00f5e sobre a ado\u00e7\u00e3o do plano \u2018Novo Normal Para\u00edba\u2019 e estabelece a matriz&hellip; <\/p>\n","protected":false},"author":2,"featured_media":173690,"comment_status":"closed","ping_status":"closed","sticky":false,"template":"","format":"standard","meta":{"sfsi_plus_gutenberg_text_before_share":"","sfsi_plus_gutenberg_show_text_before_share":"","sfsi_plus_gutenberg_icon_type":"","sfsi_plus_gutenberg_icon_alignemt":"","sfsi_plus_gutenburg_max_per_row":"","footnotes":""},"categories":[2],"tags":[],"class_list":["post-173992","post","type-post","status-publish","format-standard","has-post-thumbnail","hentry","category-geral"],"_links":{"self":[{"href":"https:\/\/www.caririemacao.com\/1\/wp-json\/wp\/v2\/posts\/173992","targetHints":{"allow":["GET"]}}],"collection":[{"href":"https:\/\/www.caririemacao.com\/1\/wp-json\/wp\/v2\/posts"}],"about":[{"href":"https:\/\/www.caririemacao.com\/1\/wp-json\/wp\/v2\/types\/post"}],"author":[{"embeddable":true,"href":"https:\/\/www.caririemacao.com\/1\/wp-json\/wp\/v2\/users\/2"}],"replies":[{"embeddable":true,"href":"https:\/\/www.caririemacao.com\/1\/wp-json\/wp\/v2\/comments?post=173992"}],"version-history":[{"count":1,"href":"https:\/\/www.caririemacao.com\/1\/wp-json\/wp\/v2\/posts\/173992\/revisions"}],"predecessor-version":[{"id":173993,"href":"https:\/\/www.caririemacao.com\/1\/wp-json\/wp\/v2\/posts\/173992\/revisions\/173993"}],"wp:featuredmedia":[{"embeddable":true,"href":"https:\/\/www.caririemacao.com\/1\/wp-json\/wp\/v2\/media\/173690"}],"wp:attachment":[{"href":"https:\/\/www.caririemacao.com\/1\/wp-json\/wp\/v2\/media?parent=173992"}],"wp:term":[{"taxonomy":"category","embeddable":true,"href":"https:\/\/www.caririemacao.com\/1\/wp-json\/wp\/v2\/categories?post=173992"},{"taxonomy":"post_tag","embeddable":true,"href":"https:\/\/www.caririemacao.com\/1\/wp-json\/wp\/v2\/tags?post=173992"}],"curies":[{"name":"wp","href":"https:\/\/api.w.org\/{rel}","templated":true}]}}