{"id":173995,"date":"2020-06-13T06:29:53","date_gmt":"2020-06-13T09:29:53","guid":{"rendered":"https:\/\/www.caririemacao.com\/1\/?p=173995"},"modified":"2020-06-13T06:29:53","modified_gmt":"2020-06-13T09:29:53","slug":"revogada-a-mp-que-dava-poder-ao-ministro-weintraub-para-nomear-reitores","status":"publish","type":"post","link":"https:\/\/www.caririemacao.com\/1\/2020\/06\/13\/revogada-a-mp-que-dava-poder-ao-ministro-weintraub-para-nomear-reitores\/","title":{"rendered":"Revogada a MP que dava poder ao ministro Weintraub para nomear reitores"},"content":{"rendered":"\n<h1 class=\"wp-block-heading\"><\/h1>\n\n\n\n<p>Bolsonaro foi avisado de que Davi faria a devolu\u00e7\u00e3o na noite desta quinta (11). O presidente do Senado tamb\u00e9m conversou com o ministro Alexandre de Moraes, do STF (Supremo Tribunal Federal) a esse respeito.<\/p>\n\n\n\n<p>Moraes \u00e9 relator de uma a\u00e7\u00e3o na corte que questionava essa MP e deu sinais de que poderia derrub\u00e1-la por meio de uma liminar. Alcolumbre, ent\u00e3o, avisou que devolveria o texto.<\/p>\n\n\n\n<p>Depois da devolu\u00e7\u00e3o da MP, o ministro Jorge Oliveira (Secretaria Geral) avisou ao senador que revogaria a MP para que n\u00e3o houvesse d\u00favidas sobre a vig\u00eancia ou n\u00e3o da proposta.<\/p>\n\n\n\n<p>No Senado, o gesto de Bolsonaro foi lido como uma forma de ele ter a palavra final sobre a medida, j\u00e1 que na avalia\u00e7\u00e3o de t\u00e9cnicos, com a mera devolu\u00e7\u00e3o, o dispositivo j\u00e1 n\u00e3o valia mais.<\/p>\n\n\n\n<p>Esta foi a quarta vez que um presidente do Congresso Nacional devolveu uma medida provis\u00f3ria ao Executivo. A \u00faltima vez foi em em 2015, quando Renan Calheiros (MDB-AL) devolveu a MP 669.<\/p>\n\n\n\n<p>Ao anunciar que devolveria o texto, Alcolumbre tamb\u00e9m afirmou que a medida violava a Constitui\u00e7\u00e3o. \u201cCabe a mim, como Presidente do Congresso Nacional, n\u00e3o deixar tramitar proposi\u00e7\u00f5es que violem a Constitui\u00e7\u00e3o Federal. O Parlamento permanece vigilante na defesa das institui\u00e7\u00f5es e no avan\u00e7o da ci\u00eancia.\u201d<\/p>\n\n\n\n<p>O texto editado pelo Executivo na quarta-feira determinava que o presidente nomearia reitores e vice-reitores tempor\u00e1rios para as institui\u00e7\u00f5es de ensino nos casos de t\u00e9rmino de mandato dos atuais dirigentes durante a pandemia.<\/p>\n\n\n\n<p>A MP tamb\u00e9m determinava que as institui\u00e7\u00f5es n\u00e3o poderiam fazer a consulta acad\u00eamica durante o per\u00edodo de emerg\u00eancia sanit\u00e1ria, excluindo a possibilidade de consultas online ou remotas.<\/p>\n\n\n\n<p>Por se tratar de uma MP, a determina\u00e7\u00e3o tinha efeito imediato. O texto perderia a validade apenas se fosse votada ou fosse rejeitada pelo Poder Legislativo.<\/p>\n\n\n\n<p>Na pr\u00e1tica, Weintraub poderia interferir no comando das universidades e institutos federais. Com a pandemia, as atividades nas unidades de educa\u00e7\u00e3o est\u00e3o suspensas.<\/p>\n","protected":false},"excerpt":{"rendered":"<p>Bolsonaro foi avisado de que Davi faria a devolu\u00e7\u00e3o na noite desta quinta (11). O presidente do Senado tamb\u00e9m conversou com o ministro Alexandre de&hellip; <\/p>\n","protected":false},"author":2,"featured_media":173996,"comment_status":"closed","ping_status":"closed","sticky":false,"template":"","format":"standard","meta":{"sfsi_plus_gutenberg_text_before_share":"","sfsi_plus_gutenberg_show_text_before_share":"","sfsi_plus_gutenberg_icon_type":"","sfsi_plus_gutenberg_icon_alignemt":"","sfsi_plus_gutenburg_max_per_row":"","footnotes":""},"categories":[2],"tags":[],"class_list":["post-173995","post","type-post","status-publish","format-standard","has-post-thumbnail","hentry","category-geral"],"_links":{"self":[{"href":"https:\/\/www.caririemacao.com\/1\/wp-json\/wp\/v2\/posts\/173995","targetHints":{"allow":["GET"]}}],"collection":[{"href":"https:\/\/www.caririemacao.com\/1\/wp-json\/wp\/v2\/posts"}],"about":[{"href":"https:\/\/www.caririemacao.com\/1\/wp-json\/wp\/v2\/types\/post"}],"author":[{"embeddable":true,"href":"https:\/\/www.caririemacao.com\/1\/wp-json\/wp\/v2\/users\/2"}],"replies":[{"embeddable":true,"href":"https:\/\/www.caririemacao.com\/1\/wp-json\/wp\/v2\/comments?post=173995"}],"version-history":[{"count":1,"href":"https:\/\/www.caririemacao.com\/1\/wp-json\/wp\/v2\/posts\/173995\/revisions"}],"predecessor-version":[{"id":173997,"href":"https:\/\/www.caririemacao.com\/1\/wp-json\/wp\/v2\/posts\/173995\/revisions\/173997"}],"wp:featuredmedia":[{"embeddable":true,"href":"https:\/\/www.caririemacao.com\/1\/wp-json\/wp\/v2\/media\/173996"}],"wp:attachment":[{"href":"https:\/\/www.caririemacao.com\/1\/wp-json\/wp\/v2\/media?parent=173995"}],"wp:term":[{"taxonomy":"category","embeddable":true,"href":"https:\/\/www.caririemacao.com\/1\/wp-json\/wp\/v2\/categories?post=173995"},{"taxonomy":"post_tag","embeddable":true,"href":"https:\/\/www.caririemacao.com\/1\/wp-json\/wp\/v2\/tags?post=173995"}],"curies":[{"name":"wp","href":"https:\/\/api.w.org\/{rel}","templated":true}]}}