{"id":173999,"date":"2020-06-13T06:34:17","date_gmt":"2020-06-13T09:34:17","guid":{"rendered":"https:\/\/www.caririemacao.com\/1\/?p=173999"},"modified":"2020-06-13T06:34:17","modified_gmt":"2020-06-13T09:34:17","slug":"presidente-da-camara-de-vereadores-de-sume-participa-da-entrega-de-obra-de-abastecimento-de-agua-na-zona-rural","status":"publish","type":"post","link":"https:\/\/www.caririemacao.com\/1\/2020\/06\/13\/presidente-da-camara-de-vereadores-de-sume-participa-da-entrega-de-obra-de-abastecimento-de-agua-na-zona-rural\/","title":{"rendered":"Presidente da C\u00e2mara de Vereadores de Sum\u00e9 participa da entrega de obra de abastecimento de \u00e1gua na zona rural"},"content":{"rendered":"\n<h1 class=\"wp-block-heading\"><\/h1>\n\n\n\n<p>O presidente da C\u00e2mara de Vereadores de Sum\u00e9, Bomba, participou na \u00faltima quarta-feira (10), da entrega do sistema de abastecimento de \u00e1gua na Vila do Lambedor, no Assentamento Mandacaru, que levar\u00e1 \u00e1gua encanada para a resid\u00eancia de 52 moradores da localidade.<\/p>\n\n\n\n<p>O presidente Bomba esteve representando os demais vereadores do munic\u00edpio, ao lado do prefeito \u00c9den Duarte, do secret\u00e1rio de agricultura, Isca Viana e de algumas lideran\u00e7as locais.<\/p>\n\n\n\n<div class=\"wp-block-image\"><figure class=\"aligncenter\"><a href=\"http:\/\/noticiasemdestaque.com\/cd\/wp-content\/uploads\/2020\/06\/c94889f1-113f-4341-8dea-cd8a7d430957-1.jpg\"><img decoding=\"async\" data-src=\"http:\/\/noticiasemdestaque.com\/cd\/wp-content\/uploads\/2020\/06\/c94889f1-113f-4341-8dea-cd8a7d430957-1-1024x768.jpg\" alt=\"\" class=\"wp-image-25315 lazyload\" src=\"data:image\/svg+xml;base64,PHN2ZyB3aWR0aD0iMSIgaGVpZ2h0PSIxIiB4bWxucz0iaHR0cDovL3d3dy53My5vcmcvMjAwMC9zdmciPjwvc3ZnPg==\" style=\"--smush-placeholder-width: 1024px; --smush-placeholder-aspect-ratio: 1024\/768;\" \/><\/a><\/figure><\/div>\n\n\n\n<p>Na oportunidade, o prefeito \u00c9den Duarte fez ainda a entrega de mais um mata-burro, atrav\u00e9s do Programa Porteiras Abertas, como forma de melhorar o acesso para quem trafega nas localidades, atendendo uma solicita\u00e7\u00e3o do vereador Bomba.<\/p>\n\n\n\n<p>O presidente Bomba aproveitou a oportunidade para parabenizar o prefeito \u00c9den Duarte pelos investimentos na zona rural \u201c\u00c9 um grande prazer ter acompanhado a transforma\u00e7\u00e3o da Vila do Lambedor no Assentamento Mandacaru, s\u00e3o muitas mudan\u00e7as positivas, podemos dizer que a localidade tem dois per\u00edodos, um antes e outro depois do prefeito \u00c9den\u201d, relatou Bomba.<\/p>\n","protected":false},"excerpt":{"rendered":"<p>O presidente da C\u00e2mara de Vereadores de Sum\u00e9, Bomba, participou na \u00faltima quarta-feira (10), da entrega do sistema de abastecimento de \u00e1gua na Vila do&hellip; <\/p>\n","protected":false},"author":2,"featured_media":174000,"comment_status":"closed","ping_status":"closed","sticky":false,"template":"","format":"standard","meta":{"sfsi_plus_gutenberg_text_before_share":"","sfsi_plus_gutenberg_show_text_before_share":"","sfsi_plus_gutenberg_icon_type":"","sfsi_plus_gutenberg_icon_alignemt":"","sfsi_plus_gutenburg_max_per_row":"","footnotes":""},"categories":[50,2],"tags":[],"class_list":["post-173999","post","type-post","status-publish","format-standard","has-post-thumbnail","hentry","category-destaque","category-geral"],"_links":{"self":[{"href":"https:\/\/www.caririemacao.com\/1\/wp-json\/wp\/v2\/posts\/173999","targetHints":{"allow":["GET"]}}],"collection":[{"href":"https:\/\/www.caririemacao.com\/1\/wp-json\/wp\/v2\/posts"}],"about":[{"href":"https:\/\/www.caririemacao.com\/1\/wp-json\/wp\/v2\/types\/post"}],"author":[{"embeddable":true,"href":"https:\/\/www.caririemacao.com\/1\/wp-json\/wp\/v2\/users\/2"}],"replies":[{"embeddable":true,"href":"https:\/\/www.caririemacao.com\/1\/wp-json\/wp\/v2\/comments?post=173999"}],"version-history":[{"count":1,"href":"https:\/\/www.caririemacao.com\/1\/wp-json\/wp\/v2\/posts\/173999\/revisions"}],"predecessor-version":[{"id":174001,"href":"https:\/\/www.caririemacao.com\/1\/wp-json\/wp\/v2\/posts\/173999\/revisions\/174001"}],"wp:featuredmedia":[{"embeddable":true,"href":"https:\/\/www.caririemacao.com\/1\/wp-json\/wp\/v2\/media\/174000"}],"wp:attachment":[{"href":"https:\/\/www.caririemacao.com\/1\/wp-json\/wp\/v2\/media?parent=173999"}],"wp:term":[{"taxonomy":"category","embeddable":true,"href":"https:\/\/www.caririemacao.com\/1\/wp-json\/wp\/v2\/categories?post=173999"},{"taxonomy":"post_tag","embeddable":true,"href":"https:\/\/www.caririemacao.com\/1\/wp-json\/wp\/v2\/tags?post=173999"}],"curies":[{"name":"wp","href":"https:\/\/api.w.org\/{rel}","templated":true}]}}