{"id":174003,"date":"2020-06-13T06:37:40","date_gmt":"2020-06-13T09:37:40","guid":{"rendered":"https:\/\/www.caririemacao.com\/1\/?p=174003"},"modified":"2020-06-13T06:37:40","modified_gmt":"2020-06-13T09:37:40","slug":"prefeitura-de-camalau-valoriza-funcionalismo-com-antecipacao-da-primeira-parcela-do-13o-mesmo-em-tempos-de-pandemia","status":"publish","type":"post","link":"https:\/\/www.caririemacao.com\/1\/2020\/06\/13\/prefeitura-de-camalau-valoriza-funcionalismo-com-antecipacao-da-primeira-parcela-do-13o-mesmo-em-tempos-de-pandemia\/","title":{"rendered":"Prefeitura de Camala\u00fa valoriza funcionalismo com antecipa\u00e7\u00e3o da primeira parcela do 13\u00ba mesmo em tempos de pandemia"},"content":{"rendered":"\n<h3 class=\"wp-block-heading\"><\/h3>\n\n\n\n<p>A gest\u00e3o municipal de Camala\u00fa valoriza o funcionalismo municipal e presta um grande aux\u00edlio em meio \u00e0s dificuldades causadas pela pandemia ao anunciar a antecipa\u00e7\u00e3o da primeira parcela do 13\u00ba sal\u00e1rio dos servidores.<br>A medida aquece a economia local no m\u00eas de junho, com o equil\u00edbrio financeiro praticado por determina\u00e7\u00e3o do prefeito Sandro M\u00f4co, de forma significativa.<br>Neste m\u00eas ser\u00e3o no total quase 900 mil reais injetados na economia do munic\u00edpio atrav\u00e9s do pagamento dos sal\u00e1rios do m\u00eas dos servidores municipais, al\u00e9m da 1\u00aa primeira parcela do d\u00e9cimo terceiro.<br>\u201c\u00c9 uma forma que encontramos de ajudar aos nossos servidores, pois sabemos que o isolamento social tem provocado dificuldades na \u00e1rea financeira, e na nossa economia, ent\u00e3o lutamos para realizar esta a\u00e7\u00e3o.&nbsp;&nbsp;Aproveitamos para pedir a todos que continuem seguindo as metas determinadas para continuarmos livres deste v\u00edrus que \u00e9 um inimigo trai\u00e7oeiro\u201d, externou o prefeito Sandro M\u00f4co<br>F\u00c1BIO BRITO<\/p>\n","protected":false},"excerpt":{"rendered":"<p>A gest\u00e3o municipal de Camala\u00fa valoriza o funcionalismo municipal e presta um grande aux\u00edlio em meio \u00e0s dificuldades causadas pela pandemia ao anunciar a antecipa\u00e7\u00e3o&hellip; <\/p>\n","protected":false},"author":2,"featured_media":174004,"comment_status":"closed","ping_status":"closed","sticky":false,"template":"","format":"standard","meta":{"sfsi_plus_gutenberg_text_before_share":"","sfsi_plus_gutenberg_show_text_before_share":"","sfsi_plus_gutenberg_icon_type":"","sfsi_plus_gutenberg_icon_alignemt":"","sfsi_plus_gutenburg_max_per_row":"","footnotes":""},"categories":[2],"tags":[],"class_list":["post-174003","post","type-post","status-publish","format-standard","has-post-thumbnail","hentry","category-geral"],"_links":{"self":[{"href":"https:\/\/www.caririemacao.com\/1\/wp-json\/wp\/v2\/posts\/174003","targetHints":{"allow":["GET"]}}],"collection":[{"href":"https:\/\/www.caririemacao.com\/1\/wp-json\/wp\/v2\/posts"}],"about":[{"href":"https:\/\/www.caririemacao.com\/1\/wp-json\/wp\/v2\/types\/post"}],"author":[{"embeddable":true,"href":"https:\/\/www.caririemacao.com\/1\/wp-json\/wp\/v2\/users\/2"}],"replies":[{"embeddable":true,"href":"https:\/\/www.caririemacao.com\/1\/wp-json\/wp\/v2\/comments?post=174003"}],"version-history":[{"count":1,"href":"https:\/\/www.caririemacao.com\/1\/wp-json\/wp\/v2\/posts\/174003\/revisions"}],"predecessor-version":[{"id":174005,"href":"https:\/\/www.caririemacao.com\/1\/wp-json\/wp\/v2\/posts\/174003\/revisions\/174005"}],"wp:featuredmedia":[{"embeddable":true,"href":"https:\/\/www.caririemacao.com\/1\/wp-json\/wp\/v2\/media\/174004"}],"wp:attachment":[{"href":"https:\/\/www.caririemacao.com\/1\/wp-json\/wp\/v2\/media?parent=174003"}],"wp:term":[{"taxonomy":"category","embeddable":true,"href":"https:\/\/www.caririemacao.com\/1\/wp-json\/wp\/v2\/categories?post=174003"},{"taxonomy":"post_tag","embeddable":true,"href":"https:\/\/www.caririemacao.com\/1\/wp-json\/wp\/v2\/tags?post=174003"}],"curies":[{"name":"wp","href":"https:\/\/api.w.org\/{rel}","templated":true}]}}