{"id":174007,"date":"2020-06-13T06:41:08","date_gmt":"2020-06-13T09:41:08","guid":{"rendered":"https:\/\/www.caririemacao.com\/1\/?p=174007"},"modified":"2020-06-13T06:41:08","modified_gmt":"2020-06-13T09:41:08","slug":"flamengo-coloca-renovacoes-em-compasso-de-espera","status":"publish","type":"post","link":"https:\/\/www.caririemacao.com\/1\/2020\/06\/13\/flamengo-coloca-renovacoes-em-compasso-de-espera\/","title":{"rendered":"Flamengo coloca renova\u00e7\u00f5es em compasso de espera"},"content":{"rendered":"\n<h1 class=\"wp-block-heading\"><\/h1>\n\n\n\n<p>Um novo acordo com Diego Alves \u00e9 a bola da vez, mas o clube adota cautela, ainda que veja o desejo m\u00fatuo pela perman\u00eancia como chave. O Flamengo cr\u00ea em avan\u00e7os pelo goleiro, que assinou at\u00e9 31 de dezembro deste ano, mas prefere ir com mais for\u00e7a nas conversas apenas quando conseguir melhorar o horizonte financeiro.<\/p>\n\n\n\n<p>Alves \u00e9 tido como uma das maiores lideran\u00e7as do grupo, e h\u00e1 unanimidade na c\u00fapula quanto \u00e0 renova\u00e7\u00e3o. O camisa 1 tamb\u00e9m j\u00e1 sinalizou sua inten\u00e7\u00e3o de permanecer, e as partes dificilmente n\u00e3o chegar\u00e3o a um consenso.<\/p>\n\n\n\n<p>A situa\u00e7\u00e3o do meia Diego \u00e9 mais nebulosa, j\u00e1 que n\u00e3o h\u00e1 uma unanimidade sobre o tema. O jogador tamb\u00e9m tem acordo apenas at\u00e9 o fim deste ano, e n\u00e3o \u00e9 poss\u00edvel afirmar como ser\u00e1 o desfecho. Assim como ocorre com Alves, Diego tamb\u00e9m ter\u00e1 de esperar um pouco.<\/p>\n\n\n\n<p>O Flamengo ainda n\u00e3o tem uma conta fechada sobre os preju\u00edzos causados pela pandemia, e qualquer negocia\u00e7\u00e3o passa pela possibilidade de assumir novos gastos. Com uma folha salarial mensal que gira em torno dos R$ 24 milh\u00f5es, o clube se move com muito cuidado para n\u00e3o extrapolar.<\/p>\n\n\n\n<p>H\u00e1 ainda a quest\u00e3o da redu\u00e7\u00e3o salarial tempor\u00e1ria dos atletas, que inviabiliza negocia\u00e7\u00f5es de maior vulto no momento. O caso do treinador foi especial, pois a data limite j\u00e1 estava chegando.<\/p>\n\n\n\n<p>Outro que ter\u00e1 seu compromisso encerrado no fim desta temporada, Berr\u00edo dificilmente ter\u00e1 seu contrato prolongado na G\u00e1vea. Uma das \u00faltimas op\u00e7\u00f5es do Mister para o ataque, o colombiano custou muito e nunca justificou o investimento.<\/p>\n","protected":false},"excerpt":{"rendered":"<p>Um novo acordo com Diego Alves \u00e9 a bola da vez, mas o clube adota cautela, ainda que veja o desejo m\u00fatuo pela perman\u00eancia como&hellip; <\/p>\n","protected":false},"author":2,"featured_media":174008,"comment_status":"closed","ping_status":"closed","sticky":false,"template":"","format":"standard","meta":{"sfsi_plus_gutenberg_text_before_share":"","sfsi_plus_gutenberg_show_text_before_share":"","sfsi_plus_gutenberg_icon_type":"","sfsi_plus_gutenberg_icon_alignemt":"","sfsi_plus_gutenburg_max_per_row":"","footnotes":""},"categories":[13],"tags":[],"class_list":["post-174007","post","type-post","status-publish","format-standard","has-post-thumbnail","hentry","category-esportes"],"_links":{"self":[{"href":"https:\/\/www.caririemacao.com\/1\/wp-json\/wp\/v2\/posts\/174007","targetHints":{"allow":["GET"]}}],"collection":[{"href":"https:\/\/www.caririemacao.com\/1\/wp-json\/wp\/v2\/posts"}],"about":[{"href":"https:\/\/www.caririemacao.com\/1\/wp-json\/wp\/v2\/types\/post"}],"author":[{"embeddable":true,"href":"https:\/\/www.caririemacao.com\/1\/wp-json\/wp\/v2\/users\/2"}],"replies":[{"embeddable":true,"href":"https:\/\/www.caririemacao.com\/1\/wp-json\/wp\/v2\/comments?post=174007"}],"version-history":[{"count":1,"href":"https:\/\/www.caririemacao.com\/1\/wp-json\/wp\/v2\/posts\/174007\/revisions"}],"predecessor-version":[{"id":174009,"href":"https:\/\/www.caririemacao.com\/1\/wp-json\/wp\/v2\/posts\/174007\/revisions\/174009"}],"wp:featuredmedia":[{"embeddable":true,"href":"https:\/\/www.caririemacao.com\/1\/wp-json\/wp\/v2\/media\/174008"}],"wp:attachment":[{"href":"https:\/\/www.caririemacao.com\/1\/wp-json\/wp\/v2\/media?parent=174007"}],"wp:term":[{"taxonomy":"category","embeddable":true,"href":"https:\/\/www.caririemacao.com\/1\/wp-json\/wp\/v2\/categories?post=174007"},{"taxonomy":"post_tag","embeddable":true,"href":"https:\/\/www.caririemacao.com\/1\/wp-json\/wp\/v2\/tags?post=174007"}],"curies":[{"name":"wp","href":"https:\/\/api.w.org\/{rel}","templated":true}]}}