{"id":174011,"date":"2020-06-13T06:43:26","date_gmt":"2020-06-13T09:43:26","guid":{"rendered":"https:\/\/www.caririemacao.com\/1\/?p=174011"},"modified":"2020-06-13T06:43:26","modified_gmt":"2020-06-13T09:43:26","slug":"formula-1-confirma-cancelamento-de-algumas-provas","status":"publish","type":"post","link":"https:\/\/www.caririemacao.com\/1\/2020\/06\/13\/formula-1-confirma-cancelamento-de-algumas-provas\/","title":{"rendered":"F\u00f3rmula 1 confirma cancelamento de algumas provas"},"content":{"rendered":"\n<h1 class=\"wp-block-heading\"><\/h1>\n\n\n\n<p>O GP do Azerbaij\u00e3o estava inicialmente programado para o in\u00edcio de junho e j\u00e1 tinha sido adiado, enquanto a prova de Singapura seria realizada em setembro. Em ambos os casos, as incertezas causadas pela pandemia impediram a prepara\u00e7\u00e3o das pistas, que ocupam vias p\u00fablicas e levam meses para serem montadas.<\/p>\n\n\n\n<p>J\u00e1 no caso do Jap\u00e3o, a decis\u00e3o foi do governo local, que n\u00e3o aceitou mudar as restri\u00e7\u00f5es a chegadas de estrangeiros e a eventos internacionais. A corrida em Suzuka aconteceria em outubro.<\/p>\n\n\n\n<p>Estes tr\u00eas GPs se juntam a outras quatro provas, de um total de 22 programadas para acontecer neste ano, que j\u00e1 tinham sido canceladas: Austr\u00e1lia, M\u00f4naco, Holanda e Fran\u00e7a.<\/p>\n\n\n\n<p>O calend\u00e1rio das oito provas divulgadas at\u00e9 agora come\u00e7a no dia 5 de julho, na \u00c1ustria, e conta apenas com provas europeias, come\u00e7ando com o uso de protocolos bastantes restritos para evitar a contamina\u00e7\u00e3o dos profissionais da categoria.<\/p>\n\n\n\n<p>H\u00e1 algumas solu\u00e7\u00f5es sendo estudadas para garantir que o campeonato chegue a, pelo menos, 15 etapas. A Ferrari pressiona a F1 para realizar uma segunda prova na It\u00e1lia, no que seria sua corrida de n\u00famero mil na categoria, em setembro. A corrida aconteceria em Mugello ou Imola.<\/p>\n\n\n\n<p>J\u00e1 a R\u00fassia estuda sediar duas corridas, entre o final de setembro e o come\u00e7o de outubro, assim como o Bahrein, onde poderia ser utilizado, inclusive, um circuito alternativo, semelhante a um oval. A prova bareinita, uma das quatro que foram adiadas e ainda n\u00e3o foram remarcadas, aconteceriam no in\u00edcio de dezembro.<\/p>\n\n\n\n<p>Os outros GPs que ainda n\u00e3o foram remarcados s\u00e3o os de Vietn\u00e3, China e Canad\u00e1. O caso da prova vietnamita, que faria sua estreia no campeonato, e da canadense s\u00e3o os mais complicados, uma vez que ambos os circuitos tamb\u00e9m usam vias p\u00fablicas.<\/p>\n\n\n\n<p>A F\u00f3rmula 1 espera poder divulgar o restante do calend\u00e1rio antes da primeira corrida do ano. Os promotores do GP Brasil seguem confiantes de que a prova ser\u00e1 realizada em novembro, como planejado.<\/p>\n\n\n\n<p>GPs j\u00e1 marcados<br>05\/07 GP da \u00c1ustria<br>12\/07 GP da Est\u00edria (\u00c1ustria)<br>19\/07 GP da Hungria<br>02\/08 GP da Gr\u00e3-Bretanha<br>09\/08 GP do Anivers\u00e1rio de 70 Anos (Silverstone)<br>16\/08 GP da Espanha<br>30\/08 GP da B\u00e9lgica<br>06\/09 GP da It\u00e1lia<\/p>\n","protected":false},"excerpt":{"rendered":"<p>O GP do Azerbaij\u00e3o estava inicialmente programado para o in\u00edcio de junho e j\u00e1 tinha sido adiado, enquanto a prova de Singapura seria realizada em&hellip; <\/p>\n","protected":false},"author":2,"featured_media":174012,"comment_status":"closed","ping_status":"closed","sticky":false,"template":"","format":"standard","meta":{"sfsi_plus_gutenberg_text_before_share":"","sfsi_plus_gutenberg_show_text_before_share":"","sfsi_plus_gutenberg_icon_type":"","sfsi_plus_gutenberg_icon_alignemt":"","sfsi_plus_gutenburg_max_per_row":"","footnotes":""},"categories":[2],"tags":[],"class_list":["post-174011","post","type-post","status-publish","format-standard","has-post-thumbnail","hentry","category-geral"],"_links":{"self":[{"href":"https:\/\/www.caririemacao.com\/1\/wp-json\/wp\/v2\/posts\/174011","targetHints":{"allow":["GET"]}}],"collection":[{"href":"https:\/\/www.caririemacao.com\/1\/wp-json\/wp\/v2\/posts"}],"about":[{"href":"https:\/\/www.caririemacao.com\/1\/wp-json\/wp\/v2\/types\/post"}],"author":[{"embeddable":true,"href":"https:\/\/www.caririemacao.com\/1\/wp-json\/wp\/v2\/users\/2"}],"replies":[{"embeddable":true,"href":"https:\/\/www.caririemacao.com\/1\/wp-json\/wp\/v2\/comments?post=174011"}],"version-history":[{"count":1,"href":"https:\/\/www.caririemacao.com\/1\/wp-json\/wp\/v2\/posts\/174011\/revisions"}],"predecessor-version":[{"id":174013,"href":"https:\/\/www.caririemacao.com\/1\/wp-json\/wp\/v2\/posts\/174011\/revisions\/174013"}],"wp:featuredmedia":[{"embeddable":true,"href":"https:\/\/www.caririemacao.com\/1\/wp-json\/wp\/v2\/media\/174012"}],"wp:attachment":[{"href":"https:\/\/www.caririemacao.com\/1\/wp-json\/wp\/v2\/media?parent=174011"}],"wp:term":[{"taxonomy":"category","embeddable":true,"href":"https:\/\/www.caririemacao.com\/1\/wp-json\/wp\/v2\/categories?post=174011"},{"taxonomy":"post_tag","embeddable":true,"href":"https:\/\/www.caririemacao.com\/1\/wp-json\/wp\/v2\/tags?post=174011"}],"curies":[{"name":"wp","href":"https:\/\/api.w.org\/{rel}","templated":true}]}}