{"id":174017,"date":"2020-06-13T06:51:10","date_gmt":"2020-06-13T09:51:10","guid":{"rendered":"https:\/\/www.caririemacao.com\/1\/?p=174017"},"modified":"2020-06-13T06:51:10","modified_gmt":"2020-06-13T09:51:10","slug":"secretario-fala-sobre-plano-que-orienta-gestores-para-retomada-de-setores-da-pb","status":"publish","type":"post","link":"https:\/\/www.caririemacao.com\/1\/2020\/06\/13\/secretario-fala-sobre-plano-que-orienta-gestores-para-retomada-de-setores-da-pb\/","title":{"rendered":"Secret\u00e1rio fala sobre plano que orienta gestores para retomada de setores da PB"},"content":{"rendered":"\n<p>O secret\u00e1rio de Sa\u00fade da Para\u00edba, Geraldo Medeiros, falou nesta sexta-feira (12) sobre a\u00a0retomada gradual dos setores da economia nos munic\u00edpios paraibanos.<\/p>\n\n\n\n<p>Durante entrevista concedida a uma emissora de r\u00e1dio, Medeiros destacou que o plano criado pelo Estado auxiliar\u00e1 os munic\u00edpios na tomada de decis\u00e3o para flexibiliza\u00e7\u00e3o baseado em indicadores.<\/p>\n\n\n\n<p>O plano tem uma bandeira com uma cor indicativa orientando sobre quais atividades o munic\u00edpio poder\u00e1 flexibilizar.<\/p>\n\n\n\n<p>\u2013 Estivemos reunidos ontem numa videoconfer\u00eancia no sentido de ser publicado o decreto atualizando todas essas medidas. Cada cidade receber\u00e1 uma bandeira. A bandeiras ter\u00e3o quatro cores: vermelho, amarelo, verde e laranja. Dependendo da bandeira que cada cidade receber o prefeito ter\u00e1 uma orienta\u00e7\u00e3o da Secretaria Estadual de Sa\u00fade de como proceder. Mas quem decide \u00e9 o prefeito \u2013 concluiu.<\/p>\n","protected":false},"excerpt":{"rendered":"<p>O secret\u00e1rio de Sa\u00fade da Para\u00edba, Geraldo Medeiros, falou nesta sexta-feira (12) sobre a\u00a0retomada gradual dos setores da economia nos munic\u00edpios paraibanos. Durante entrevista concedida&hellip; <\/p>\n","protected":false},"author":2,"featured_media":171725,"comment_status":"closed","ping_status":"closed","sticky":false,"template":"","format":"standard","meta":{"sfsi_plus_gutenberg_text_before_share":"","sfsi_plus_gutenberg_show_text_before_share":"","sfsi_plus_gutenberg_icon_type":"","sfsi_plus_gutenberg_icon_alignemt":"","sfsi_plus_gutenburg_max_per_row":"","footnotes":""},"categories":[11],"tags":[],"class_list":["post-174017","post","type-post","status-publish","format-standard","has-post-thumbnail","hentry","category-politica"],"_links":{"self":[{"href":"https:\/\/www.caririemacao.com\/1\/wp-json\/wp\/v2\/posts\/174017","targetHints":{"allow":["GET"]}}],"collection":[{"href":"https:\/\/www.caririemacao.com\/1\/wp-json\/wp\/v2\/posts"}],"about":[{"href":"https:\/\/www.caririemacao.com\/1\/wp-json\/wp\/v2\/types\/post"}],"author":[{"embeddable":true,"href":"https:\/\/www.caririemacao.com\/1\/wp-json\/wp\/v2\/users\/2"}],"replies":[{"embeddable":true,"href":"https:\/\/www.caririemacao.com\/1\/wp-json\/wp\/v2\/comments?post=174017"}],"version-history":[{"count":1,"href":"https:\/\/www.caririemacao.com\/1\/wp-json\/wp\/v2\/posts\/174017\/revisions"}],"predecessor-version":[{"id":174018,"href":"https:\/\/www.caririemacao.com\/1\/wp-json\/wp\/v2\/posts\/174017\/revisions\/174018"}],"wp:featuredmedia":[{"embeddable":true,"href":"https:\/\/www.caririemacao.com\/1\/wp-json\/wp\/v2\/media\/171725"}],"wp:attachment":[{"href":"https:\/\/www.caririemacao.com\/1\/wp-json\/wp\/v2\/media?parent=174017"}],"wp:term":[{"taxonomy":"category","embeddable":true,"href":"https:\/\/www.caririemacao.com\/1\/wp-json\/wp\/v2\/categories?post=174017"},{"taxonomy":"post_tag","embeddable":true,"href":"https:\/\/www.caririemacao.com\/1\/wp-json\/wp\/v2\/tags?post=174017"}],"curies":[{"name":"wp","href":"https:\/\/api.w.org\/{rel}","templated":true}]}}