{"id":174020,"date":"2020-06-13T06:53:51","date_gmt":"2020-06-13T09:53:51","guid":{"rendered":"https:\/\/www.caririemacao.com\/1\/?p=174020"},"modified":"2020-06-13T06:53:51","modified_gmt":"2020-06-13T09:53:51","slug":"paraiba-registra-1-186-novos-casos-de-covid-19-nesta-sexta-estado-confirma-610-mortes-e-total-de-infectados-chega-a-26-556","status":"publish","type":"post","link":"https:\/\/www.caririemacao.com\/1\/2020\/06\/13\/paraiba-registra-1-186-novos-casos-de-covid-19-nesta-sexta-estado-confirma-610-mortes-e-total-de-infectados-chega-a-26-556\/","title":{"rendered":"Para\u00edba registra 1.186 novos casos de covid-19 nesta sexta; Estado confirma 610 mortes e total de infectados chega a 26.556"},"content":{"rendered":"\n<p>A Para\u00edba registrou at\u00e9 a tarde desta sexta-feira (12) um total de 26.556 infectados com a covid-19. Os n\u00fameros divulgados tamb\u00e9m incluem o total de 23.189 casos descartados, 610 mortes confirmadas e 6.329 casos de pessoas recuperadas. S\u00e3o 1.186 novos casos de Covid-19 e 40 \u00f3bitos confirmados&nbsp;<a href=\"https:\/\/www.clickpb.com.br\/saude\/paraiba-registra-1581-novos-casos-de-covid-19-nesta-segunda-estado-confirma-559-mortes-e-total-de-infectados-chega-24032-285606.html\">desde a \u00faltima atualiza\u00e7\u00e3o<\/a>, sendo 5 \u00f3bitos ocorridos nas \u00faltimas 24 horas.<\/p>\n\n\n\n<ul class=\"wp-block-list\"><li>Casos Confirmados: 26.556<\/li><li>Casos Descartados: 23.189<\/li><li>\u00d3bitos confirmados: 610<\/li><li>Casos recuperados: 6.329<\/li><li>Total de munic\u00edpios: 208<\/li><\/ul>\n\n\n\n<p>J\u00e1 foram realizados 80.401 testes para diagn\u00f3stico da covid-19, entre testes r\u00e1pidos e PCR.<\/p>\n\n\n\n<p>A ocupa\u00e7\u00e3o total de leitos de UTI (adulto, pedi\u00e1trico e obst\u00e9trico) em todo o estado \u00e9 de 66%. Fazendo um recorte apenas dos leitos de UTI para adultos na Regi\u00e3o Metropolitana de Jo\u00e3o Pessoa, a taxa de ocupa\u00e7\u00e3o chega a 78%. Em Campina Grande, est\u00e3o ocupados 67% dos leitos de UTI adulto e no sert\u00e3o, 54% dos leitos de UTI para adultos. O \u00edndice de Isolamento Social foi de apenas 43,3%, considerado baixo em rela\u00e7\u00e3o \u00e0 meta de 70% e \u00e0 m\u00ednima de 50%, mesmo com a ado\u00e7\u00e3o de medidas r\u00edgidas na regi\u00e3o metropolitana de Jo\u00e3o Pessoa.<\/p>\n\n\n\n<p>Os casos confirmados est\u00e3o distribu\u00eddos por 208 dos 223 munic\u00edpios paraibanos:<\/p>\n\n\n\n<p>\u00c1gua Branca (10); Aguiar (1); Alagoa Grande (211); Alagoa Nova (88); Alagoinha (202); Alcantil (4) Alhandra (223); Amparo (12); Aparecida (11); Ara\u00e7agi (101); Arara (36); Araruna (12); Areia (95); Areia de Bara\u00fanas (1); Areial (17); Aroeiras (49); Assun\u00e7\u00e3o (20); Baia da Trai\u00e7\u00e3o (83); Bananeiras (48); Bara\u00fana (62); Barra de Santa Rosa (14); Barra de Santana (31); Barra de S\u00e3o Miguel (4); Bayeux (550); Bel\u00e9m (95); Bel\u00e9m do Brejo do Cruz (6); Bernardino Batista (2); Boa Ventura (1); Boa Vista (45); Bom Jesus (2); Bom Sucesso (5); Bonito de Santa F\u00e9 (1); Boqueir\u00e3o (62); Borborema (2); Brejo do Cruz (32); Brejo dos Santos (2); Caapor\u00e3 (565); Cabaceiras (2); Cabedelo (1384); Cachoeira dos \u00cdndios (22); Cacimba de Areia (5); Cacimba de Dentro (34); Cacimbas (24); Cai\u00e7ara (45); Cajazeiras (209); Cajazeirinhas (1); Caldas Brand\u00e3o (28); Campina Grande (3920); Capim (63); Cara\u00fabas (2); Carrapateira (1); Casserengue (51); Catingueira (6), Catol\u00e9 do Rocha (75); Caturit\u00e9 (27); Concei\u00e7\u00e3o (5); Condado (51); Conde (179); Congo (11); Coremas (20); Coxixola (8); Cruz do Esp\u00edrito Santo (157); Cubati (6); Cuit\u00e9 (18); Cuit\u00e9 de Mamanguape (22); Cuiteg\u00ed (65); Curral de Cima (11); Curral Velho (1), Dami\u00e3o (2); Desterro (13); Diamante (2); Dona In\u00eas (5); Duas Estradas (35); Emas (1); Esperan\u00e7a (138); Fagundes (15); Gado Bravo (49); Guarabira (1148); Gurinh\u00e9m (80); Gurj\u00e3o (17); Ibiara (5); Igaracy (2); Imaculada (10); Ing\u00e1 (151); Itabaiana (383); Itaporanga (7); Itapororoca (47); Itatuba (77); Jacara\u00fa (34); Jeric\u00f3 (3); Jo\u00e3o Pessoa (7394); Joca Claudino (1); Juarez T\u00e1vora (54); Juazeirinho (72); Junco do Serid\u00f3 (12); Juripiranga (196); Juru (5); Lagoa (3); Lagoa de Dentro (10); Lagoa Seca (201); Lastro (3); Livramento (1); Logradouro (19); Lucena (98); M\u00e3e d&#8217;\u00c1gua (10); Malta (18); Mamanguape (457); Mana\u00edra (2); Marca\u00e7\u00e3o (9); Mari (188); Mariz\u00f3polis (4); Massaranduba (75); Mataraca (42); Matinhas (27); Mato Grosso (7); Matureia (14); Mogeiro (26); Montadas (18); Monteiro (38); Mulungu (75); Natuba (13); Nazarezinho (2); Nova Floresta (6), Nova Olinda (4); Nova Palmeira (15); Olho D\u00b4\u00c1gua (25); Olivedos (8);&nbsp; Parari (2); Passagem (13); Patos (875); Paulista (37); Pedra Lavrada (16); Pedras de Fogo (556); Pedro R\u00e9gis (2); Pianc\u00f3 (25); Picu\u00ed (41); Pilar (63); Pil\u00f5es (25); Pil\u00f5ezinhos (87); Pirpirituba (34); Pitimbu (292); Pocinhos (19);&nbsp; Pombal (90); Princesa Isabel (19); Puxinan\u00e3 (83);&nbsp; Queimadas (226); Quixaba (17); Rem\u00edgio (105); Riach\u00e3o (3); Riach\u00e3o do Bacamarte (136);&nbsp; Riach\u00e3o do Po\u00e7o (16); Riacho de Santo Ant\u00f4nio (5); Riacho dos Cavalos (2); Rio Tinto (187); Salgadinho (8); Salgado de S\u00e3o Felix (44); Santa Cec\u00edlia (9); Santa Cruz (2); Santa Helena (2); Santa In\u00eas (4);&nbsp; Santa Luzia (115); Santa Rita (877); Santa Terezinha (18); Santana dos Garrotes (2); Santo Andr\u00e9 (1); S\u00e3o Bentinho (15); S\u00e3o Bento (367); S\u00e3o Francisco (6);&nbsp; S\u00e3o Jo\u00e3o do Cariri (12); S\u00e3o Jo\u00e3o do Rio do Peixe (26); S\u00e3o Jo\u00e3o do Tigre (1); S\u00e3o Jos\u00e9 da Lagoa Tapada (16); S\u00e3o Jos\u00e9 de Caiana (22); S\u00e3o Jos\u00e9 de Espinharas (5); S\u00e3o Jos\u00e9 de Piranhas (12); S\u00e3o Jos\u00e9 de Princesa (1);&nbsp; S\u00e3o Jos\u00e9 do Bonfim (30); S\u00e3o Jos\u00e9 do Sabugi (87); S\u00e3o Jos\u00e9 dos Cordeiros (3); S\u00e3o Jos\u00e9 dos Ramos (31); S\u00e3o Mamede (20); S\u00e3o Miguel de Taipu (51); S\u00e3o Sebasti\u00e3o de Lagoa de Ro\u00e7a (62); S\u00e3o Sebasti\u00e3o do Umbuzeiro (4); S\u00e3o Vicente do Serid\u00f3 (18); Sap\u00e9 (305); Serra Branca (9); Serra da Ra\u00edz (12); Serra Grande (1); Serra Redonda (78); Serraria (21); Sert\u00e3ozinho (24); Sobrado (43); Sol\u00e2nea (107); Soledade (33); Sossego (3), Sousa (353); Sum\u00e9 (25); Tacima (41); Tapero\u00e1 (37); Tavares (10); Teixeira (32); Ten\u00f3rio (7); Uira\u00fana (9); Umbuzeiro (18); V\u00e1rzea (2); Vieir\u00f3polis (3); Vista Serrana (2).<\/p>\n\n\n\n<p>*Dados Oficiais preliminares (fonte: SIM,e-sus VE e SIVEP) extra\u00eddos \u00e0s 10h do dia 12\/06, sujeitos a altera\u00e7\u00e3o por parte dos munic\u00edpios.<\/p>\n\n\n\n<p>40 \u00f3bitos foram confirmados, sendo 05 deles ocorridos nas \u00faltimas 24h.<\/p>\n\n\n\n<p>Mulher, 74 anos, residente em \u00c1gua Branca. Sem informa\u00e7\u00e3o de comorbidade. Inicio dos sintomas em 19\/05, veio a \u00f3bito em hospital p\u00fablico no dia 19\/05<\/p>\n\n\n\n<p>Mulher, 53 anos, residente em Bayeux. Diab\u00e9tica, cardiopata. In\u00edcio dos sintomas em 01\/06, veio a \u00f3bito em hospital p\u00fablico no dia 05\/06.<\/p>\n\n\n\n<p>Homem, 81 anos, residente em Cajazeiras. Sem comorbidade. Inicio dos sintomas em 17\/05, veio a \u00f3bito em hospital p\u00fablico no dia 03\/06.<\/p>\n\n\n\n<p>Homem, 83 anos, residente em Caldas Brand\u00e3o. Hipertenso, sequelado de AVE. Inicio dos sintomas em 27\/05, veio a \u00f3bito em hospital p\u00fablico no dia 07\/06.<\/p>\n\n\n\n<p>Homem, 84 anos, residente em Caldas Brand\u00e3o. Diab\u00e9tico. Inicio dos sintomas em 07\/05, veio a \u00f3bito em hospital p\u00fablico no dia 29\/05.<\/p>\n\n\n\n<p>Mulher, 82 anos, residente em Campina Grande. Hipertensa, diab\u00e9tica, paciente com neoplasia de \u00fatero. In\u00edcio dos sintomas em 27\/05. Veio a \u00f3bito em hospital p\u00fablico no dia 30\/05.<\/p>\n\n\n\n<p>Homem, 85 anos, residente em Campina Grande. Diab\u00e9tico. In\u00edcio dos sintomas em 30\/05. Veio a \u00f3bito em hospital p\u00fablico no dia 07\/06.<\/p>\n\n\n\n<p>Mulher, 62 anos, residente em Campina Grande. Sem comorbidades. In\u00edcio dos sintomas em 20\/05. Veio a \u00f3bito em hospital p\u00fablico no dia 25\/05.<\/p>\n\n\n\n<p>Mulher, 78 anos, residente em Cruz do Esp\u00edrito Santo. Diab\u00e9tica, hipertensa. In\u00edcio dos sintomas em 02\/06, veio a \u00f3bito em hospital p\u00fablico no dia 10\/06.<\/p>\n\n\n\n<p>Homem, 61 anos, residente em Itabaiana. Sem comorbidade. In\u00edcio dos sintomas em 25\/05, veio a \u00f3bito em hospital p\u00fablico no dia 10\/06.<\/p>\n\n\n\n<p>Homem, 24 anos, residente em Jo\u00e3o Pessoa. Imunossuprimido. In\u00edcio dos sintomas em 22\/05, veio a \u00f3bito em hospital p\u00fablico no dia 08\/06.<\/p>\n\n\n\n<p>Homem, 110 anos, residente em Jo\u00e3o Pessoa. Sem informa\u00e7\u00e3o de comorbidade. In\u00edcio dos sintomas em 17\/05, veio a \u00f3bito em hospital p\u00fablico no dia 27\/05.<\/p>\n\n\n\n<p>Homem, 61 anos, residente em Jo\u00e3o Pessoa. Tabagista. In\u00edcio dos sintomas em 26\/05, veio a \u00f3bito em hospital p\u00fablico no dia 04\/06.<\/p>\n\n\n\n<p>Mulher, 41 anos, residente em Jo\u00e3o Pessoa. Hipertensa. In\u00edcio dos sintomas em 24\/05, veio a \u00f3bito em hospital p\u00fablico no dia 04\/06.<\/p>\n\n\n\n<p>Homem, 44 anos, residente em Jo\u00e3o Pessoa. Tabagista, portador de doen\u00e7a respirat\u00f3ria. In\u00edcio dos sintomas em 30\/05, veio a \u00f3bito em hospital p\u00fablico no dia 04\/06.<\/p>\n\n\n\n<p>Mulher, 87 anos, residente em Jo\u00e3o Pessoa. Hipertensa, diab\u00e9tica. In\u00edcio dos sintomas em 22\/05, veio a \u00f3bito em hospital p\u00fablico no dia 30\/05.<\/p>\n\n\n\n<p>Mulher, 84 anos, residente em Jo\u00e3o Pessoa. Sem infroma\u00e7\u00e3o de comorbidade. In\u00edcio dos sintomas em 20\/05, veio a \u00f3bito em hospital privado no dia 28\/05.<\/p>\n\n\n\n<p>Mulher, 72 anos, residente em Jo\u00e3o Pessoa. Diab\u00e9tica. In\u00edcio dos sintomas em 18\/05, veio a \u00f3bito em hospital p\u00fablico no dia 30\/05.<\/p>\n\n\n\n<p>Mulher, 68 anos, residente em Jo\u00e3o Pessoa. Diab\u00e9tica. In\u00edcio dos sintomas em 11\/05, veio a \u00f3bito em hospital p\u00fablico no dia 26\/05.<\/p>\n\n\n\n<p>Mulher, 24 anos, residente em Jo\u00e3o Pessoa. Diab\u00e9tica. In\u00edcio dos sintomas em 20\/05, veio a \u00f3bito em hospital p\u00fablico no dia 04\/06.<\/p>\n\n\n\n<p>Homem, 83 anos, residente em Jo\u00e3o Pessoa. Sem informa\u00e7\u00e3o de comorbidade. In\u00edcio dos sintomas em 20\/05, veio a \u00f3bito em hospital p\u00fablico no dia 02\/06.<\/p>\n\n\n\n<p>Homem, 73 anos, residente em Jo\u00e3o Pessoa. Hipertenso, diab\u00e9tico, portador de doen\u00e7a neurol\u00f3gica e dem\u00eancia senil. In\u00edcio dos sintomas em 20\/05, veio a \u00f3bito em hospital p\u00fablico no dia 02\/06.<\/p>\n\n\n\n<p>Homem, 69 anos, residente em Jo\u00e3o Pessoa. Hipertenso. In\u00edcio dos sintomas em 21\/05, veio a \u00f3bito em hospital p\u00fablico no dia 11\/06.<\/p>\n\n\n\n<p>Homem, 91 anos, residente em Jo\u00e3o Pessoa. Sem informa\u00e7\u00e3o de comorbidade. In\u00edcio dos sintomas em 04\/06, veio a \u00f3bito em hospital p\u00fablico no dia 11\/06.<\/p>\n\n\n\n<p>Homem, 56 anos, residente em Jo\u00e3o Pessoa. Tabagista, portador de doen\u00e7a respirat\u00f3ria. In\u00edcio dos sintomas em 20\/05, veio a \u00f3bito em hospital p\u00fablico no dia 12\/06.<\/p>\n\n\n\n<p>Mulher, 58 anos, residente em Juripiranga. Hipertensa, diab\u00e9tica. In\u00edcio dos sintomas em 06\/06, veio a \u00f3bito em hospital p\u00fablico no dia 07\/06.<\/p>\n\n\n\n<p>Mulher, 61 anos, residente em Nazarezinho. Diab\u00e9tica, portadora de doen\u00e7a hematol\u00f3gica. In\u00edcio dos sintomas em 29\/05, veio a \u00f3bito em hospital p\u00fablico no dia 05\/06.<\/p>\n\n\n\n<p>Mulher, 80 anos, residente em Patos. Sem informa\u00e7\u00e3o de comorbidade. In\u00edcio dos sintomas em 26\/05, veio a \u00f3bito em hospital p\u00fablico no dia 03\/06.<\/p>\n\n\n\n<p>Homem, 66 anos, residente em Patos. Sem informa\u00e7\u00e3o de comorbidade. In\u00edcio dos sintomas em 17\/05, veio a \u00f3bito em hospital p\u00fablico no dia 23\/05.<\/p>\n\n\n\n<p>Mulher, 70 anos, residente em Patos. Sem informa\u00e7\u00e3o de comorbidade. In\u00edcio dos sintomas em 16\/05, veio a \u00f3bito em hospital p\u00fablico no dia 23\/05.<\/p>\n\n\n\n<p>Homem, 64 anos, residente em Patos. Portador de doen\u00e7a respirat\u00f3ria. In\u00edcio dos sintomas em 10\/05, veio a \u00f3bito em hospital p\u00fablico no dia 28\/05.<\/p>\n\n\n\n<p>Mulher, 55 anos, residente em Patos. Diab\u00e9tica. In\u00edcio dos sintomas em 22\/05, veio a \u00f3bito em hospital p\u00fablico no dia 05\/06.<\/p>\n\n\n\n<p>Mulher, 74 anos, residente em Patos. Hipertensa, diab\u00e9tica. In\u00edcio dos sintomas em 04\/06, veio a \u00f3bito em hospital p\u00fablico no dia 08\/06.<\/p>\n\n\n\n<p>Homem, 55 anos, residente em Patos. Sem informa\u00e7\u00e3o de comorbidade. In\u00edcio dos sintomas em 07\/05, veio a \u00f3bito em hospital p\u00fablico no dia 18\/05.<\/p>\n\n\n\n<p>Mulher, 79 anos, residente em Pedras de Fogo. Diab\u00e9tica. In\u00edcio dos sintomas no dia 15\/05, veio a \u00f3bito em hospital p\u00fablico no dia 11\/06.<\/p>\n\n\n\n<p>Mulher, 73 anos, residente em Princesa Isabel. Tabagista, sequelada de AVE. In\u00edcio dos sintomas no dia 31\/05, veio a \u00f3bito em hospital p\u00fablico no dia 07\/06.<\/p>\n\n\n\n<p>Homem, 85 anos, residente em Santa Rita. Diab\u00e9tico. In\u00edcio dos sintomas no dia 23\/05, veio a \u00f3bito em hospital p\u00fablico no dia 26\/05.<\/p>\n\n\n\n<p>Mulher, 79 anos, residente em Santa Rita. Cardiopata, portadora de doen\u00e7a hematol\u00f3gica. In\u00edcio dos sintomas no dia 25\/05, veio a \u00f3bito em hospital p\u00fablico no dia 11\/06.<\/p>\n\n\n\n<p>Mulher, 83 anos, residente em Santa Rita. Cardiopata. In\u00edcio dos sintomas no dia 29\/05, veio a \u00f3bito em hospital p\u00fablico no dia 05\/06.<\/p>\n\n\n\n<p>Homem, 73 anos, residente em S\u00e3o Mamede. Diab\u00e9tico, hipertenso. In\u00edcio dos sintomas no dia 16\/05, veio a \u00f3bito em hospital p\u00fablico no dia 07\/06.<\/p>\n","protected":false},"excerpt":{"rendered":"<p>A Para\u00edba registrou at\u00e9 a tarde desta sexta-feira (12) um total de 26.556 infectados com a covid-19. Os n\u00fameros divulgados tamb\u00e9m incluem o total de&hellip; <\/p>\n","protected":false},"author":2,"featured_media":173933,"comment_status":"closed","ping_status":"closed","sticky":false,"template":"","format":"standard","meta":{"sfsi_plus_gutenberg_text_before_share":"","sfsi_plus_gutenberg_show_text_before_share":"","sfsi_plus_gutenberg_icon_type":"","sfsi_plus_gutenberg_icon_alignemt":"","sfsi_plus_gutenburg_max_per_row":"","footnotes":""},"categories":[2],"tags":[],"class_list":["post-174020","post","type-post","status-publish","format-standard","has-post-thumbnail","hentry","category-geral"],"_links":{"self":[{"href":"https:\/\/www.caririemacao.com\/1\/wp-json\/wp\/v2\/posts\/174020","targetHints":{"allow":["GET"]}}],"collection":[{"href":"https:\/\/www.caririemacao.com\/1\/wp-json\/wp\/v2\/posts"}],"about":[{"href":"https:\/\/www.caririemacao.com\/1\/wp-json\/wp\/v2\/types\/post"}],"author":[{"embeddable":true,"href":"https:\/\/www.caririemacao.com\/1\/wp-json\/wp\/v2\/users\/2"}],"replies":[{"embeddable":true,"href":"https:\/\/www.caririemacao.com\/1\/wp-json\/wp\/v2\/comments?post=174020"}],"version-history":[{"count":1,"href":"https:\/\/www.caririemacao.com\/1\/wp-json\/wp\/v2\/posts\/174020\/revisions"}],"predecessor-version":[{"id":174021,"href":"https:\/\/www.caririemacao.com\/1\/wp-json\/wp\/v2\/posts\/174020\/revisions\/174021"}],"wp:featuredmedia":[{"embeddable":true,"href":"https:\/\/www.caririemacao.com\/1\/wp-json\/wp\/v2\/media\/173933"}],"wp:attachment":[{"href":"https:\/\/www.caririemacao.com\/1\/wp-json\/wp\/v2\/media?parent=174020"}],"wp:term":[{"taxonomy":"category","embeddable":true,"href":"https:\/\/www.caririemacao.com\/1\/wp-json\/wp\/v2\/categories?post=174020"},{"taxonomy":"post_tag","embeddable":true,"href":"https:\/\/www.caririemacao.com\/1\/wp-json\/wp\/v2\/tags?post=174020"}],"curies":[{"name":"wp","href":"https:\/\/api.w.org\/{rel}","templated":true}]}}