{"id":174023,"date":"2020-06-13T06:56:06","date_gmt":"2020-06-13T09:56:06","guid":{"rendered":"https:\/\/www.caririemacao.com\/1\/?p=174023"},"modified":"2020-06-13T06:56:06","modified_gmt":"2020-06-13T09:56:06","slug":"joao-azevedo-e-governadores-do-nordeste-divulgam-carta-contra-invasao-de-hospitais-e-perseguicao-de-gestores","status":"publish","type":"post","link":"https:\/\/www.caririemacao.com\/1\/2020\/06\/13\/joao-azevedo-e-governadores-do-nordeste-divulgam-carta-contra-invasao-de-hospitais-e-perseguicao-de-gestores\/","title":{"rendered":"Jo\u00e3o Azev\u00eado e governadores do Nordeste divulgam carta contra invas\u00e3o de hospitais e persegui\u00e7\u00e3o de gestores"},"content":{"rendered":"\n<p>O governador Jo\u00e3o Azev\u00eado assinou, em conjunto com os governadores do Cons\u00f3rcio Nordeste, uma carta aberta contra a invas\u00e3o de hospitais e a persegui\u00e7\u00e3o aos gestores estaduais durante a pandemia de covid-19.<\/p>\n\n\n\n<p>Confira a carta na \u00edntegra&nbsp;<a href=\"https:\/\/www.clickpb.com.br\/media\/filer_public\/4b\/34\/4b345a12-66d0-4020-8bcb-887cd7c831db\/pdf_carta_consorcio_nordeste__-_12-06.pdf\">aqui<\/a>.<\/p>\n\n\n\n<p>&#8220;No \u00faltimo epis\u00f3dio, que choca a todos, o presidente da Rep\u00fablica usa as redes sociais para incentivar as pessoas a INVADIREM HOSPITAIS, indo de encontro a todos os protocolos m\u00e9dicos, desrespeitando profissionais e colocando a vida das pessoas em risco, principalmente aquelas que est\u00e3o internadas nessas unidades de sa\u00fade&#8221;, diz a carta.<\/p>\n\n\n\n<p>&#8220;O presidente Bolsonaro segue, assim, o mesmo m\u00e9todo inconsequente que o levou a incentivar aglomera\u00e7\u00f5es por todo o pa\u00eds, contrariando as orienta\u00e7\u00f5es cient\u00edficas, bem como a estimular agress\u00f5es contra jornalistas e ve\u00edculos de comunica\u00e7\u00e3o, violando a liberdade de imprensa garantida na Constitui\u00e7\u00e3o&#8221;, diz a carta.<\/p>\n\n\n\n<p>Na carta, os gestores tamb\u00e9m criticaram as &#8220;a\u00e7\u00f5es espetaculares&#8221; em rela\u00e7\u00e3o a investiga\u00e7\u00e3o de compras de material e insumos para o combate a pandemia. Na carta, os gestores se dispuseram a fornecer todos os processos administrativos para an\u00e1lise do Poder Judici\u00e1rio e Tribunal de Contas.<\/p>\n\n\n\n<p><strong>Invas\u00e3o de hospitais<\/strong><\/p>\n\n\n\n<p>Em transmiss\u00e3o ao vivo pelas redes sociais nesta quinta-feira (12), o presidente Jair Bolsonaro fez um pedido \u00e0 popula\u00e7\u00e3o: que entrem em hospitais p\u00fablicos e\/ou de campanha e filmem leitos destinados \u00e0 COVID-19, para saber se est\u00e3o vazios, ou n\u00e3o.<\/p>\n\n\n\n<p>A \u2018invas\u00e3o\u2019 recomendada por Bolsonaro \u00e9 para que imagens sejam produzidas e repassadas em seguida como \u2018provas\u2019 \u00e0 Pol\u00edcia Federal.&nbsp;<\/p>\n","protected":false},"excerpt":{"rendered":"<p>O governador Jo\u00e3o Azev\u00eado assinou, em conjunto com os governadores do Cons\u00f3rcio Nordeste, uma carta aberta contra a invas\u00e3o de hospitais e a persegui\u00e7\u00e3o aos&hellip; <\/p>\n","protected":false},"author":2,"featured_media":174024,"comment_status":"closed","ping_status":"closed","sticky":false,"template":"","format":"standard","meta":{"sfsi_plus_gutenberg_text_before_share":"","sfsi_plus_gutenberg_show_text_before_share":"","sfsi_plus_gutenberg_icon_type":"","sfsi_plus_gutenberg_icon_alignemt":"","sfsi_plus_gutenburg_max_per_row":"","footnotes":""},"categories":[50,11],"tags":[],"class_list":["post-174023","post","type-post","status-publish","format-standard","has-post-thumbnail","hentry","category-destaque","category-politica"],"_links":{"self":[{"href":"https:\/\/www.caririemacao.com\/1\/wp-json\/wp\/v2\/posts\/174023","targetHints":{"allow":["GET"]}}],"collection":[{"href":"https:\/\/www.caririemacao.com\/1\/wp-json\/wp\/v2\/posts"}],"about":[{"href":"https:\/\/www.caririemacao.com\/1\/wp-json\/wp\/v2\/types\/post"}],"author":[{"embeddable":true,"href":"https:\/\/www.caririemacao.com\/1\/wp-json\/wp\/v2\/users\/2"}],"replies":[{"embeddable":true,"href":"https:\/\/www.caririemacao.com\/1\/wp-json\/wp\/v2\/comments?post=174023"}],"version-history":[{"count":1,"href":"https:\/\/www.caririemacao.com\/1\/wp-json\/wp\/v2\/posts\/174023\/revisions"}],"predecessor-version":[{"id":174025,"href":"https:\/\/www.caririemacao.com\/1\/wp-json\/wp\/v2\/posts\/174023\/revisions\/174025"}],"wp:featuredmedia":[{"embeddable":true,"href":"https:\/\/www.caririemacao.com\/1\/wp-json\/wp\/v2\/media\/174024"}],"wp:attachment":[{"href":"https:\/\/www.caririemacao.com\/1\/wp-json\/wp\/v2\/media?parent=174023"}],"wp:term":[{"taxonomy":"category","embeddable":true,"href":"https:\/\/www.caririemacao.com\/1\/wp-json\/wp\/v2\/categories?post=174023"},{"taxonomy":"post_tag","embeddable":true,"href":"https:\/\/www.caririemacao.com\/1\/wp-json\/wp\/v2\/tags?post=174023"}],"curies":[{"name":"wp","href":"https:\/\/api.w.org\/{rel}","templated":true}]}}