{"id":174027,"date":"2020-06-13T06:58:23","date_gmt":"2020-06-13T09:58:23","guid":{"rendered":"https:\/\/www.caririemacao.com\/1\/?p=174027"},"modified":"2020-06-13T06:58:23","modified_gmt":"2020-06-13T09:58:23","slug":"confira-as-10-agencias-da-caixa-na-paraiba-que-abrem-neste-sabado-para-pagamento-do-auxilio-emergencial-2","status":"publish","type":"post","link":"https:\/\/www.caririemacao.com\/1\/2020\/06\/13\/confira-as-10-agencias-da-caixa-na-paraiba-que-abrem-neste-sabado-para-pagamento-do-auxilio-emergencial-2\/","title":{"rendered":"Confira as 10 ag\u00eancias da Caixa na Para\u00edba que abrem neste s\u00e1bado para pagamento do aux\u00edlio emergencial"},"content":{"rendered":"\n<p>Como em todos os s\u00e1bados, desde que foi iniciado o pagamento do aux\u00edlio emergencial, neste dia (13) a Para\u00edba ter\u00e1 10 ag\u00eancias funcionando das 8h as 14h. Em Jo\u00e3o Pessoa ser\u00e3o tr\u00eas abertas: Cabo Branco, Cruz das Armas e Epit\u00e1cio Pessoa.&nbsp;<\/p>\n\n\n\n<p>As outras abertas est\u00e3o localizadas nas cidades de Campina Grande, Guarabira, Cajazeiras, Mamanguape, Patos e Santa Rita.<\/p>\n\n\n\n<p>Desde que o pagamento do aux\u00edlio emergencial foi iniciado, as ag\u00eancias est\u00e3o abrindo em feriados e aos s\u00e1bados com o objetivo de diminuir a aglomera\u00e7\u00e3o em filas para saque do benef\u00edcio de R$ 600 nos dias de semana.<\/p>\n\n\n\n<p>Confira na tabela a seguir a tabela de ag\u00eancias que estar\u00e3o abertas para o atendimento ao p\u00fablico.<\/p>\n\n\n\n<figure class=\"wp-block-image\"><img decoding=\"async\" data-src=\"https:\/\/www.clickpb.com.br\/media\/filer_public\/44\/8e\/448e1a0b-149e-4f53-8f13-a5f123f79fc5\/eitel.jpg\" alt=\"\" src=\"data:image\/svg+xml;base64,PHN2ZyB3aWR0aD0iMSIgaGVpZ2h0PSIxIiB4bWxucz0iaHR0cDovL3d3dy53My5vcmcvMjAwMC9zdmciPjwvc3ZnPg==\" class=\"lazyload\" \/><\/figure>\n\n\n\n<p>No s\u00e1bado (13), ser\u00e1 a vez dos nascidos em dezembro, que poder\u00e3o sacar a segunda parcela nas m\u00e1quinas de autoatendimento ou nas unidades lot\u00e9ricas.<\/p>\n\n\n\n<p>Para sacar, \u00e9 necess\u00e1rio gerar um c\u00f3digo autorizador (token) no aplicativo CAIXA Tem. Caso os benefici\u00e1rios tenham dificuldade para gerar o c\u00f3digo, esse servi\u00e7o poder\u00e1 ser realizado nas ag\u00eancias da CAIXA.<\/p>\n\n\n\n<p>Vale ressaltar que as ag\u00eancias do banco n\u00e3o v\u00e3o abrir nesta quinta-feira (11) devido ao feriado nacional.&nbsp;Entretanto, os caixas eletr\u00f4nicos e os canais digitais da CAIXA estar\u00e3o \u00e0 disposi\u00e7\u00e3o.<\/p>\n\n\n\n<p><strong>Fim do calend\u00e1rio&nbsp; &nbsp; &nbsp; &nbsp; &nbsp; &nbsp; &nbsp;&nbsp;<\/strong><\/p>\n\n\n\n<p>Com a libera\u00e7\u00e3o do saque para os nascidos em dezembro no s\u00e1bado (13), a CAIXA encerra o calend\u00e1rio da segunda parcela. Quem n\u00e3o sacou no per\u00edodo, n\u00e3o precisa se preocupar. O cr\u00e9dito continua dispon\u00edvel nas contas indicadas e o saque poder\u00e1 ser feito, independente do dia de nascimento.<\/p>\n\n\n\n<p><strong>Atendimento nas ag\u00eancias&nbsp; &nbsp; &nbsp; &nbsp; &nbsp; &nbsp; &nbsp; &nbsp; &nbsp;<\/strong><\/p>\n\n\n\n<p>A CAIXA refor\u00e7a que n\u00e3o \u00e9 preciso madrugar nas filas. As 680 ag\u00eancias abertas no s\u00e1bado (13) funcionar\u00e3o das 8h \u00e0s 12h. Os benefici\u00e1rios v\u00e3o receber senhas e, mesmo com as unidades fechando \u00e0s 12h, o atendimento continua at\u00e9 que o \u00faltimo cliente seja atendido.<br>O banco fechou parceria com cerca de 1.280 prefeituras em todo o pa\u00eds para refor\u00e7ar a organiza\u00e7\u00e3o das filas e manter o distanciamento m\u00ednimo de dois metros entre as pessoas.<\/p>\n","protected":false},"excerpt":{"rendered":"<p>Como em todos os s\u00e1bados, desde que foi iniciado o pagamento do aux\u00edlio emergencial, neste dia (13) a Para\u00edba ter\u00e1 10 ag\u00eancias funcionando das 8h&hellip; <\/p>\n","protected":false},"author":2,"featured_media":172989,"comment_status":"closed","ping_status":"closed","sticky":false,"template":"","format":"standard","meta":{"sfsi_plus_gutenberg_text_before_share":"","sfsi_plus_gutenberg_show_text_before_share":"","sfsi_plus_gutenberg_icon_type":"","sfsi_plus_gutenberg_icon_alignemt":"","sfsi_plus_gutenburg_max_per_row":"","footnotes":""},"categories":[50,2],"tags":[],"class_list":["post-174027","post","type-post","status-publish","format-standard","has-post-thumbnail","hentry","category-destaque","category-geral"],"_links":{"self":[{"href":"https:\/\/www.caririemacao.com\/1\/wp-json\/wp\/v2\/posts\/174027","targetHints":{"allow":["GET"]}}],"collection":[{"href":"https:\/\/www.caririemacao.com\/1\/wp-json\/wp\/v2\/posts"}],"about":[{"href":"https:\/\/www.caririemacao.com\/1\/wp-json\/wp\/v2\/types\/post"}],"author":[{"embeddable":true,"href":"https:\/\/www.caririemacao.com\/1\/wp-json\/wp\/v2\/users\/2"}],"replies":[{"embeddable":true,"href":"https:\/\/www.caririemacao.com\/1\/wp-json\/wp\/v2\/comments?post=174027"}],"version-history":[{"count":1,"href":"https:\/\/www.caririemacao.com\/1\/wp-json\/wp\/v2\/posts\/174027\/revisions"}],"predecessor-version":[{"id":174028,"href":"https:\/\/www.caririemacao.com\/1\/wp-json\/wp\/v2\/posts\/174027\/revisions\/174028"}],"wp:featuredmedia":[{"embeddable":true,"href":"https:\/\/www.caririemacao.com\/1\/wp-json\/wp\/v2\/media\/172989"}],"wp:attachment":[{"href":"https:\/\/www.caririemacao.com\/1\/wp-json\/wp\/v2\/media?parent=174027"}],"wp:term":[{"taxonomy":"category","embeddable":true,"href":"https:\/\/www.caririemacao.com\/1\/wp-json\/wp\/v2\/categories?post=174027"},{"taxonomy":"post_tag","embeddable":true,"href":"https:\/\/www.caririemacao.com\/1\/wp-json\/wp\/v2\/tags?post=174027"}],"curies":[{"name":"wp","href":"https:\/\/api.w.org\/{rel}","templated":true}]}}