{"id":174030,"date":"2020-06-13T07:03:46","date_gmt":"2020-06-13T10:03:46","guid":{"rendered":"https:\/\/www.caririemacao.com\/1\/?p=174030"},"modified":"2020-06-13T07:03:46","modified_gmt":"2020-06-13T10:03:46","slug":"general-ramos-diz-que-forcas-armadas-nao-pensam-em-golpe-mas-avisa-nao-estiquem-a-corda","status":"publish","type":"post","link":"https:\/\/www.caririemacao.com\/1\/2020\/06\/13\/general-ramos-diz-que-forcas-armadas-nao-pensam-em-golpe-mas-avisa-nao-estiquem-a-corda\/","title":{"rendered":"General Ramos diz que For\u00e7as Armadas n\u00e3o pensam em golpe, mas avisa: \u2018n\u00e3o estiquem a corda\u2019"},"content":{"rendered":"\n<h3 class=\"wp-block-heading\"><\/h3>\n\n\n\n<hr class=\"wp-block-separator\"\/>\n\n\n\n<p>Ao ser perguntado em entrevista para as p\u00e1ginas amarelas da Revista Veja, publicada nesta sexta-feira (12), sobre a possibilidade de um&nbsp;<a href=\"https:\/\/wscom.com.br\/em-editorial-jornais-acusam-golpe-estatistico-do-governo-bolsonaro-confira\/\" target=\"_blank\" rel=\"noreferrer noopener\">golpe<\/a>&nbsp;militar no Brasil, o ministro chefe da Secretaria de Governo, general Luiz Eduardo Ramos, afirmou que \u201c\u00e9 ultrajante e ofensivo dizer que as For\u00e7as Armadas, em particular o Ex\u00e9rcito, v\u00e3o dar golpe, que as For\u00e7as Armadas v\u00e3o quebrar o regime democr\u00e1tico. O pr\u00f3prio presidente nunca pregou o golpe\u201d.<\/p>\n\n\n\n<p>Luiz Eduardo Ramos, no entanto, disse que \u201co outro lado tem de entender tamb\u00e9m o seguinte: n\u00e3o estica a corda\u201d.<\/p>\n\n\n\n<p>O general \u00e9 quem controla as indica\u00e7\u00f5es para os cargos mais importantes, a alian\u00e7a com o Centr\u00e3o. Por ser general da ativa, tamb\u00e9m desperta algumas teorias conspirat\u00f3rias que serviram de mote para os protestos do fim de semana.<\/p>\n\n\n\n<p>Ele esteve disfar\u00e7ado, de gorro e m\u00e1scara, nas manifesta\u00e7\u00f5es do \u00faltimo domingo contra o presidente Jair Bolsonaro (Sem Partido-RJ) e ouviu chamarem Bolsonaro de fascista e nazista. \u201cO Hitler exterminou 6 milh\u00f5es de judeus. Fora as outras desgra\u00e7as. Comparar o presidente a Hitler \u00e9 passar do ponto, e muito. N\u00e3o contribui com nada para serenar os \u00e2nimos\u201d.<\/p>\n","protected":false},"excerpt":{"rendered":"<p>Ao ser perguntado em entrevista para as p\u00e1ginas amarelas da Revista Veja, publicada nesta sexta-feira (12), sobre a possibilidade de um&nbsp;golpe&nbsp;militar no Brasil, o ministro&hellip; <\/p>\n","protected":false},"author":2,"featured_media":174031,"comment_status":"closed","ping_status":"closed","sticky":false,"template":"","format":"standard","meta":{"sfsi_plus_gutenberg_text_before_share":"","sfsi_plus_gutenberg_show_text_before_share":"","sfsi_plus_gutenberg_icon_type":"","sfsi_plus_gutenberg_icon_alignemt":"","sfsi_plus_gutenburg_max_per_row":"","footnotes":""},"categories":[2],"tags":[],"class_list":["post-174030","post","type-post","status-publish","format-standard","has-post-thumbnail","hentry","category-geral"],"_links":{"self":[{"href":"https:\/\/www.caririemacao.com\/1\/wp-json\/wp\/v2\/posts\/174030","targetHints":{"allow":["GET"]}}],"collection":[{"href":"https:\/\/www.caririemacao.com\/1\/wp-json\/wp\/v2\/posts"}],"about":[{"href":"https:\/\/www.caririemacao.com\/1\/wp-json\/wp\/v2\/types\/post"}],"author":[{"embeddable":true,"href":"https:\/\/www.caririemacao.com\/1\/wp-json\/wp\/v2\/users\/2"}],"replies":[{"embeddable":true,"href":"https:\/\/www.caririemacao.com\/1\/wp-json\/wp\/v2\/comments?post=174030"}],"version-history":[{"count":1,"href":"https:\/\/www.caririemacao.com\/1\/wp-json\/wp\/v2\/posts\/174030\/revisions"}],"predecessor-version":[{"id":174032,"href":"https:\/\/www.caririemacao.com\/1\/wp-json\/wp\/v2\/posts\/174030\/revisions\/174032"}],"wp:featuredmedia":[{"embeddable":true,"href":"https:\/\/www.caririemacao.com\/1\/wp-json\/wp\/v2\/media\/174031"}],"wp:attachment":[{"href":"https:\/\/www.caririemacao.com\/1\/wp-json\/wp\/v2\/media?parent=174030"}],"wp:term":[{"taxonomy":"category","embeddable":true,"href":"https:\/\/www.caririemacao.com\/1\/wp-json\/wp\/v2\/categories?post=174030"},{"taxonomy":"post_tag","embeddable":true,"href":"https:\/\/www.caririemacao.com\/1\/wp-json\/wp\/v2\/tags?post=174030"}],"curies":[{"name":"wp","href":"https:\/\/api.w.org\/{rel}","templated":true}]}}