{"id":174034,"date":"2020-06-13T07:06:20","date_gmt":"2020-06-13T10:06:20","guid":{"rendered":"https:\/\/www.caririemacao.com\/1\/?p=174034"},"modified":"2020-06-13T07:06:20","modified_gmt":"2020-06-13T10:06:20","slug":"balanco-aponta-mais-25-982-casos-de-covid-19-e-909-mortes-no-pais","status":"publish","type":"post","link":"https:\/\/www.caririemacao.com\/1\/2020\/06\/13\/balanco-aponta-mais-25-982-casos-de-covid-19-e-909-mortes-no-pais\/","title":{"rendered":"Balan\u00e7o aponta mais 25.982 casos de covid-19 e 909 mortes no pa\u00eds"},"content":{"rendered":"\n<h2 class=\"wp-block-heading\"><\/h2>\n\n\n\n<p>O Minist\u00e9rio da Sa\u00fade divulgou hoje (12) novos n\u00fameros sobre a pandemia do novo coronav\u00edrus (covid-19) no pa\u00eds. De acordo com levantamento di\u00e1rio feito pela pasta, o Brasil tem 828.810 casos confirmados da doen\u00e7a, e 41.828 mortes foram registradas. Os casos recuperados somam 365.063.<img decoding=\"async\" data-src=\"https:\/\/agenciabrasil.ebc.com.br\/ebc.png?id=1309404&amp;o=node\" src=\"data:image\/svg+xml;base64,PHN2ZyB3aWR0aD0iMSIgaGVpZ2h0PSIxIiB4bWxucz0iaHR0cDovL3d3dy53My5vcmcvMjAwMC9zdmciPjwvc3ZnPg==\" class=\"lazyload\"><\/p>\n\n\n\n<p>Nas \u00faltimas 24 horas, o minist\u00e9rio registrou mais 25.982 casos da doen\u00e7a e 909 novas mortes.<\/p>\n\n\n\n<p>Entre a unidades da federa\u00e7\u00e3o com o maior n\u00famero de casos acumulados desde o in\u00edcio da pandemia,&nbsp; o estado de S\u00e3o Paulo registrou 167,9 mil casos confirmados e 10.368 \u00f3bitos. Rio de Janeiro aparece na segunda posi\u00e7\u00e3o com 77.784 e 7.417 mortes. Em seguida est\u00e3o Cear\u00e1 (75.705 casos e 4.788&nbsp; mortes) e Par\u00e1 (66.328 casos e 4.132 mortes).<\/p>\n\n\n\n<p>De acordo com o Minist\u00e9rio da Sa\u00fade, 412.919 casos est\u00e3o em acompanhamento e 4.033 \u00f3bitos em investiga\u00e7\u00e3o<\/p>\n","protected":false},"excerpt":{"rendered":"<p>O Minist\u00e9rio da Sa\u00fade divulgou hoje (12) novos n\u00fameros sobre a pandemia do novo coronav\u00edrus (covid-19) no pa\u00eds. De acordo com levantamento di\u00e1rio feito pela&hellip; <\/p>\n","protected":false},"author":2,"featured_media":174035,"comment_status":"closed","ping_status":"closed","sticky":false,"template":"","format":"standard","meta":{"sfsi_plus_gutenberg_text_before_share":"","sfsi_plus_gutenberg_show_text_before_share":"","sfsi_plus_gutenberg_icon_type":"","sfsi_plus_gutenberg_icon_alignemt":"","sfsi_plus_gutenburg_max_per_row":"","footnotes":""},"categories":[2],"tags":[],"class_list":["post-174034","post","type-post","status-publish","format-standard","has-post-thumbnail","hentry","category-geral"],"_links":{"self":[{"href":"https:\/\/www.caririemacao.com\/1\/wp-json\/wp\/v2\/posts\/174034","targetHints":{"allow":["GET"]}}],"collection":[{"href":"https:\/\/www.caririemacao.com\/1\/wp-json\/wp\/v2\/posts"}],"about":[{"href":"https:\/\/www.caririemacao.com\/1\/wp-json\/wp\/v2\/types\/post"}],"author":[{"embeddable":true,"href":"https:\/\/www.caririemacao.com\/1\/wp-json\/wp\/v2\/users\/2"}],"replies":[{"embeddable":true,"href":"https:\/\/www.caririemacao.com\/1\/wp-json\/wp\/v2\/comments?post=174034"}],"version-history":[{"count":1,"href":"https:\/\/www.caririemacao.com\/1\/wp-json\/wp\/v2\/posts\/174034\/revisions"}],"predecessor-version":[{"id":174036,"href":"https:\/\/www.caririemacao.com\/1\/wp-json\/wp\/v2\/posts\/174034\/revisions\/174036"}],"wp:featuredmedia":[{"embeddable":true,"href":"https:\/\/www.caririemacao.com\/1\/wp-json\/wp\/v2\/media\/174035"}],"wp:attachment":[{"href":"https:\/\/www.caririemacao.com\/1\/wp-json\/wp\/v2\/media?parent=174034"}],"wp:term":[{"taxonomy":"category","embeddable":true,"href":"https:\/\/www.caririemacao.com\/1\/wp-json\/wp\/v2\/categories?post=174034"},{"taxonomy":"post_tag","embeddable":true,"href":"https:\/\/www.caririemacao.com\/1\/wp-json\/wp\/v2\/tags?post=174034"}],"curies":[{"name":"wp","href":"https:\/\/api.w.org\/{rel}","templated":true}]}}