{"id":174038,"date":"2020-06-13T07:08:20","date_gmt":"2020-06-13T10:08:20","guid":{"rendered":"https:\/\/www.caririemacao.com\/1\/?p=174038"},"modified":"2020-06-13T07:08:20","modified_gmt":"2020-06-13T10:08:20","slug":"ministerio-da-saude-lanca-campanha-de-doacao-de-sangue-2020","status":"publish","type":"post","link":"https:\/\/www.caririemacao.com\/1\/2020\/06\/13\/ministerio-da-saude-lanca-campanha-de-doacao-de-sangue-2020\/","title":{"rendered":"Minist\u00e9rio da Sa\u00fade lan\u00e7a campanha de doa\u00e7\u00e3o de sangue 2020"},"content":{"rendered":"\n<h2 class=\"wp-block-heading\"><\/h2>\n\n\n\n<p>O Minist\u00e9rio da Sa\u00fade lan\u00e7ou hoje (12) a Campanha Nacional de Doa\u00e7\u00e3o de Sangue 2020. Com a medida, a pasta pretende manter as doa\u00e7\u00f5es durante o per\u00edodo da pandemia do novo coronav\u00edrus, estabelecendo medidas de distanciamento social e de higiene nos hemocentros de todo o pa\u00eds.&nbsp;<img decoding=\"async\" data-src=\"https:\/\/agenciabrasil.ebc.com.br\/ebc.png?id=1309398&amp;o=node\" src=\"data:image\/svg+xml;base64,PHN2ZyB3aWR0aD0iMSIgaGVpZ2h0PSIxIiB4bWxucz0iaHR0cDovL3d3dy53My5vcmcvMjAwMC9zdmciPjwvc3ZnPg==\" class=\"lazyload\"><\/p>\n\n\n\n<p>O minist\u00e9rio refor\u00e7a que a doa\u00e7\u00e3o \u00e9 necess\u00e1ria para manter os estoques de sangue para atendimentos de emerg\u00eancia, cirurgias de grande porte e tratamento de pessoas com doen\u00e7as cr\u00f4nicas. De acordo com os dados apresentados, 2020 \u00e9 o 4\u00b0 ano de queda no n\u00famero de doa\u00e7\u00f5es.<\/p>\n\n\n\n<p>Para doar, \u00e9 preciso ter entre 16 e 69 anos, n\u00e3o ter ingerido ingerir \u00e1lcool nas \u00faltimas 12 horas, pesar no m\u00ednimo 50 kg e estar em boas condi\u00e7\u00f5es de sa\u00fade.&nbsp;<\/p>\n\n\n\n<p>Segundo Rodolfo Duarte, coordenador de Sangue e Hemoderivados do Minist\u00e9rio da Sa\u00fade, todas as medidas est\u00e3o sendo tomadas para evitar a contamina\u00e7\u00e3o pela covid-19 nos locais de coleta.&nbsp;<\/p>\n\n\n\n<p>\u201cAgrade\u00e7o a toda popula\u00e7\u00e3o brasileira que ajudou ao longo desses anos e pe\u00e7o a colabora\u00e7\u00e3o para que continue comparecendo ao hemocentro porque \u00e9 seguro. N\u00f3s garantimos a seguran\u00e7a com todas as medidas que est\u00e3o sendo tomadas em todos os estados para receber voc\u00eas em seguran\u00e7a e para que voc\u00eas tragam essa seguran\u00e7a para aquelas pessoas que precisam dentro dos hospitais e nos ambulat\u00f3rios de tratamento\u201d. disse.&nbsp;<\/p>\n\n\n\n<p>De acordo com a pasta, em 2019, houve queda de 2,5% no n\u00famero de bolsas de sangue coletadas em todo o pa\u00eds. Em 2018, foram registradas 3.290.867 frequ\u00eancias de coletas. No ano passado, foram 3.271.824 coletas.&nbsp;&nbsp;<\/p>\n\n\n\n<p>Pela an\u00e1lise de perfil, 60% dos doadores s\u00e3o homens e 40% s\u00e3o mulheres. 63% dos doadores s\u00e3o maiores de 29 anos&nbsp;<\/p>\n\n\n\n<p>De acordo com o minist\u00e9rio, 1,6% da popula\u00e7\u00e3o brasileira (16 a cada mil habitantes) doa sangue. A Organiza\u00e7\u00e3o Mundial da Sa\u00fade (OMS) recomenda que 1% da popula\u00e7\u00e3o seja doadora.&nbsp;<\/p>\n\n\n\n<p>A campanha, que tamb\u00e9m foi lan\u00e7ada em comemora\u00e7\u00e3o Dia Mundial do Doador de Sangue, comemorado em 14 de junho, ser\u00e1 veiculada a partir de hoje no r\u00e1dio, na televis\u00e3o e na internet.<\/p>\n\n\n\n<h2 class=\"wp-block-heading\">Atualiza\u00e7\u00e3o de casos<\/h2>\n\n\n\n<p>Segundo o boletim epidemiol\u00f3gico de hoje, o n\u00famero de casos confirmados de covid-19 subiu para 828.810. H\u00e1, atualmente, 421.919 casos em acompanhamento. O boletim informa tamb\u00e9m que nas \u00faltimas 24 horas foram registrados 909 \u00f3bitos relacionados \u00e0 covid-19. O n\u00famero total de \u00f3bitos ficou em 41.828.<\/p>\n\n\n\n<h2 class=\"wp-block-heading\">Profissionais de sa\u00fade<\/h2>\n\n\n\n<p>Segundo a secret\u00e1ria de&nbsp;Gest\u00e3o do Trabalho e da Educa\u00e7\u00e3o na Sa\u00fade, Mayra Pinheiro, o governo passar\u00e1 a divulgar os n\u00fameros de adoecimentos de profissionais de sa\u00fade. H\u00e1 uma plataforma espec\u00edfica para consulta dos dados, que passa a fazer parte da p\u00e1gina de dados do novo coronav\u00edrus mantida pelo Minist\u00e9rio da Sa\u00fade.<\/p>\n\n\n\n<p><strong>Veja na \u00edntegra:<\/strong><\/p>\n\n\n\n<figure><iframe allowfullscreen=\"\" data-src=\"https:\/\/www.youtube.com\/embed\/risPGwRyHJ8\" src=\"data:image\/svg+xml;base64,PHN2ZyB3aWR0aD0iMSIgaGVpZ2h0PSIxIiB4bWxucz0iaHR0cDovL3d3dy53My5vcmcvMjAwMC9zdmciPjwvc3ZnPg==\" class=\"lazyload\" data-load-mode=\"1\"><\/iframe><\/figure>\n","protected":false},"excerpt":{"rendered":"<p>O Minist\u00e9rio da Sa\u00fade lan\u00e7ou hoje (12) a Campanha Nacional de Doa\u00e7\u00e3o de Sangue 2020. Com a medida, a pasta pretende manter as doa\u00e7\u00f5es durante&hellip; <\/p>\n","protected":false},"author":2,"featured_media":174039,"comment_status":"closed","ping_status":"closed","sticky":false,"template":"","format":"standard","meta":{"sfsi_plus_gutenberg_text_before_share":"","sfsi_plus_gutenberg_show_text_before_share":"","sfsi_plus_gutenberg_icon_type":"","sfsi_plus_gutenberg_icon_alignemt":"","sfsi_plus_gutenburg_max_per_row":"","footnotes":""},"categories":[2],"tags":[],"class_list":["post-174038","post","type-post","status-publish","format-standard","has-post-thumbnail","hentry","category-geral"],"_links":{"self":[{"href":"https:\/\/www.caririemacao.com\/1\/wp-json\/wp\/v2\/posts\/174038","targetHints":{"allow":["GET"]}}],"collection":[{"href":"https:\/\/www.caririemacao.com\/1\/wp-json\/wp\/v2\/posts"}],"about":[{"href":"https:\/\/www.caririemacao.com\/1\/wp-json\/wp\/v2\/types\/post"}],"author":[{"embeddable":true,"href":"https:\/\/www.caririemacao.com\/1\/wp-json\/wp\/v2\/users\/2"}],"replies":[{"embeddable":true,"href":"https:\/\/www.caririemacao.com\/1\/wp-json\/wp\/v2\/comments?post=174038"}],"version-history":[{"count":1,"href":"https:\/\/www.caririemacao.com\/1\/wp-json\/wp\/v2\/posts\/174038\/revisions"}],"predecessor-version":[{"id":174040,"href":"https:\/\/www.caririemacao.com\/1\/wp-json\/wp\/v2\/posts\/174038\/revisions\/174040"}],"wp:featuredmedia":[{"embeddable":true,"href":"https:\/\/www.caririemacao.com\/1\/wp-json\/wp\/v2\/media\/174039"}],"wp:attachment":[{"href":"https:\/\/www.caririemacao.com\/1\/wp-json\/wp\/v2\/media?parent=174038"}],"wp:term":[{"taxonomy":"category","embeddable":true,"href":"https:\/\/www.caririemacao.com\/1\/wp-json\/wp\/v2\/categories?post=174038"},{"taxonomy":"post_tag","embeddable":true,"href":"https:\/\/www.caririemacao.com\/1\/wp-json\/wp\/v2\/tags?post=174038"}],"curies":[{"name":"wp","href":"https:\/\/api.w.org\/{rel}","templated":true}]}}