{"id":174042,"date":"2020-06-13T07:12:36","date_gmt":"2020-06-13T10:12:36","guid":{"rendered":"https:\/\/www.caririemacao.com\/1\/?p=174042"},"modified":"2020-06-13T07:12:36","modified_gmt":"2020-06-13T10:12:36","slug":"veja-o-que-pode-reabrir-a-partir-de-segunda-com-a-flexibilizacao-durante-a-pandemia","status":"publish","type":"post","link":"https:\/\/www.caririemacao.com\/1\/2020\/06\/13\/veja-o-que-pode-reabrir-a-partir-de-segunda-com-a-flexibilizacao-durante-a-pandemia\/","title":{"rendered":"Veja o que pode reabrir a partir de segunda com a flexibiliza\u00e7\u00e3o durante a pandemia"},"content":{"rendered":"\n<h1 class=\"wp-block-heading\"><\/h1>\n\n\n\n<p>O Governo do Estado divulgou, nesta sexta-feira (12), o plano de retomada das atividades econ\u00f4micas que ser\u00e1 seguida a partir desa segunda-feira (15) durante a pandemia do novo Coronav\u00edrus. Veja aqui detalhes do plano. Abaixo, confira o que poder\u00e1 abrir em cada bandeira de classifica\u00e7\u00e3o dos munic\u00edpios, que \u00e9 o que vai definir o grau de flexibiliza\u00e7\u00e3o na pandemia.<\/p>\n\n\n\n<p>Cada munic\u00edpio recebe uma bandeira de cor, que varia de vermelho ao verde, de acordo com \u00edndices de propaga\u00e7\u00e3o do v\u00edrus e risco para a popula\u00e7\u00e3o com rela\u00e7\u00e3o \u00e0 assist\u00eancia hospitalar. Com esta informa\u00e7\u00e3o, observa-se quais tipos de neg\u00f3cios podem ser abertos e como devem funcionar. \u201cO Estado vai sinalizar, cabe aos munic\u00edpios referendar ou n\u00e3o as orienta\u00e7\u00f5es para abertura dos segmentos\u201d, explicou o secret\u00e1rio chefe da Controladoria Geral do Estado, Let\u00e1cio Guedes Junior.<\/p>\n\n\n\n<p>Ser\u00e1 liberado para o funcionamento, em qualquer bandeira, sal\u00f5es de beleza e barbearias, atendendo exclusivamente por agendamento pr\u00e9vio e sem aglomera\u00e7\u00e3o de pessoas nas suas depend\u00eancias e observando todas as normas de distanciamento social; shoppings centers, exclusivamente para entrega de mercadorias por meio de (delivery), inclusive por aplicativos, e como pontos de retirada de mercadorias (drive trhu), vedado, em qualquer caso, o atendimento presencial de clientes dentro das suas depend\u00eancias; as lojas e estabelecimentos comerciais, exclusivamente para entrega de mercadorias (delivery); missas, cultos e demais cerim\u00f4nias religiosas poder\u00e3o ser realizadas online, por meio de sistema de drive-in e nas sedes das igrejas e templos, neste caso com ocupa\u00e7\u00e3o m\u00e1xima de 30% da capacidade e observando todas as normas de distanciamento social; hot\u00e9is, pousadas e similares, exclusivamente para atendimentos relacionados \u00e0 pandemia do novo coronav\u00edrus; estabelecimentos que trabalham com loca\u00e7\u00e3o de ve\u00edculos; e treinamentos de atletas profissionais, observando todas as normas de distanciamento social.<\/p>\n\n\n\n<p>Nos munic\u00edpios sinalizados com bandeira laranja e vermelha, poder\u00e3o funcionar \u2013 al\u00e9m dos j\u00e1 sinalizados com adequa\u00e7\u00e3o \u2013 apenas atividades essenciais, como: agropecu\u00e1ria; cadeia produtiva e atividades acess\u00f3rias essenciais; bancos, casas lot\u00e9ricas, correspondentes banc\u00e1rios e seguradoras; empresas de telecomunica\u00e7\u00e3o, comunica\u00e7\u00e3o e imprensa; distribuidoras e geradoras energia, atividades de extra\u00e7\u00e3o, produ\u00e7\u00e3o, sider\u00fargica e afins; transporte, armazenagem, empresas de log\u00edstica, Correios e manuten\u00e7\u00e3o de ve\u00edculos automotores; supermercados e afins; servi\u00e7os de Sa\u00fade; tratamento de \u00e1gua e esgoto e coleta de res\u00edduos; e administra\u00e7\u00e3o p\u00fablica (observada a ado\u00e7\u00e3o regimes home office).<\/p>\n\n\n\n<p>Nas regi\u00f5es com bandeira amarela, funcionam os j\u00e1 autorizados na bandeira vermelha e laranja, al\u00e9m de hot\u00e9is, pousadas e afins; com\u00e9rcio, shoppings centers, com\u00e9rcio popular (camel\u00f4s) e servi\u00e7os em geral; escolinhas de esporte sem contato f\u00edsico (nata\u00e7\u00e3o e t\u00eanis, por exemplo).<\/p>\n\n\n\n<p>Todos os segmentos da economia e da sociedade podem retomar suas atividades nos munic\u00edpios que se encontram na bandeira verde, observando a ado\u00e7\u00e3o de protocolos operacionais para funcionamento das diversas atividades, que ter\u00e3o como foco a prote\u00e7\u00e3o do indiv\u00edduo, que deve passar a viver o \u2018novo normal\u2019, fazendo escolhas e evitando o contato entre pessoas; ambientes fechados e confinados e aglomera\u00e7\u00f5es, mesmo ao ar livre.<\/p>\n","protected":false},"excerpt":{"rendered":"<p>O Governo do Estado divulgou, nesta sexta-feira (12), o plano de retomada das atividades econ\u00f4micas que ser\u00e1 seguida a partir desa segunda-feira (15) durante a&hellip; <\/p>\n","protected":false},"author":2,"featured_media":163450,"comment_status":"closed","ping_status":"closed","sticky":false,"template":"","format":"standard","meta":{"sfsi_plus_gutenberg_text_before_share":"","sfsi_plus_gutenberg_show_text_before_share":"","sfsi_plus_gutenberg_icon_type":"","sfsi_plus_gutenberg_icon_alignemt":"","sfsi_plus_gutenburg_max_per_row":"","footnotes":""},"categories":[2],"tags":[],"class_list":["post-174042","post","type-post","status-publish","format-standard","has-post-thumbnail","hentry","category-geral"],"_links":{"self":[{"href":"https:\/\/www.caririemacao.com\/1\/wp-json\/wp\/v2\/posts\/174042","targetHints":{"allow":["GET"]}}],"collection":[{"href":"https:\/\/www.caririemacao.com\/1\/wp-json\/wp\/v2\/posts"}],"about":[{"href":"https:\/\/www.caririemacao.com\/1\/wp-json\/wp\/v2\/types\/post"}],"author":[{"embeddable":true,"href":"https:\/\/www.caririemacao.com\/1\/wp-json\/wp\/v2\/users\/2"}],"replies":[{"embeddable":true,"href":"https:\/\/www.caririemacao.com\/1\/wp-json\/wp\/v2\/comments?post=174042"}],"version-history":[{"count":1,"href":"https:\/\/www.caririemacao.com\/1\/wp-json\/wp\/v2\/posts\/174042\/revisions"}],"predecessor-version":[{"id":174044,"href":"https:\/\/www.caririemacao.com\/1\/wp-json\/wp\/v2\/posts\/174042\/revisions\/174044"}],"wp:featuredmedia":[{"embeddable":true,"href":"https:\/\/www.caririemacao.com\/1\/wp-json\/wp\/v2\/media\/163450"}],"wp:attachment":[{"href":"https:\/\/www.caririemacao.com\/1\/wp-json\/wp\/v2\/media?parent=174042"}],"wp:term":[{"taxonomy":"category","embeddable":true,"href":"https:\/\/www.caririemacao.com\/1\/wp-json\/wp\/v2\/categories?post=174042"},{"taxonomy":"post_tag","embeddable":true,"href":"https:\/\/www.caririemacao.com\/1\/wp-json\/wp\/v2\/tags?post=174042"}],"curies":[{"name":"wp","href":"https:\/\/api.w.org\/{rel}","templated":true}]}}