{"id":174046,"date":"2020-06-13T07:14:45","date_gmt":"2020-06-13T10:14:45","guid":{"rendered":"https:\/\/www.caririemacao.com\/1\/?p=174046"},"modified":"2020-06-13T07:14:45","modified_gmt":"2020-06-13T10:14:45","slug":"pb-flexibilizacao-tera-quatro-fases-e-novo-normal-sera-apenas-no-fim-de-julho-veja-como-funcionara","status":"publish","type":"post","link":"https:\/\/www.caririemacao.com\/1\/2020\/06\/13\/pb-flexibilizacao-tera-quatro-fases-e-novo-normal-sera-apenas-no-fim-de-julho-veja-como-funcionara\/","title":{"rendered":"PB: Flexibiliza\u00e7\u00e3o ter\u00e1 quatro fases e \u2018novo normal\u2019 ser\u00e1 apenas no fim de julho; veja como funcionar\u00e1"},"content":{"rendered":"\n<h1 class=\"wp-block-heading\"><\/h1>\n\n\n\n<p><\/p>\n\n\n\n<p>A retomada das atividades econ\u00f4micas na Para\u00edba vai realmente come\u00e7ar a partir desta segunda-feira (15), conforme informou na noite desta sexta-feira (12) o governador Jo\u00e3o Azev\u00eado (Cidadania), durante transmiss\u00e3o ao vivo no youtube para detalhar o plano de flexibiliza\u00e7\u00e3o durante a pandemia do novo Coronav\u00edrus, que causa a doen\u00e7a covid-19. Contudo, a previs\u00e3o \u00e9 de que apenas no fim de julho, dependendo dos indicadores da pandemia, os munic\u00edpios possam retomar todas as atividades, com a manuten\u00e7\u00e3o do distanciamento social e uso de m\u00e1scaras por tempo indeterminado.<\/p>\n\n\n\n<p>Segundo o governador, o Estado elaborou um plano para retomada econ\u00f4mica que ir\u00e1 obedecer bandeiras classificat\u00f3rias: verde, com libera\u00e7\u00e3o de todos os servi\u00e7os; amarela, com libera\u00e7\u00e3o de alguns servi\u00e7os al\u00e9m dos essenciais (farm\u00e1cias, postos de combust\u00edveis, supermercados e bancos); laranja, com libera\u00e7\u00e3o apenas de atividades essenciais; e vermelha, com libera\u00e7\u00e3o apenas de atividades essenciais e a ado\u00e7\u00e3o de restri\u00e7\u00e3o de circula\u00e7\u00e3o de pessoas e transportes, como ocorreu entre o fim de maio e o in\u00edcio deste m\u00eas.&nbsp;<\/p>\n\n\n\n<p>A qualifica\u00e7\u00e3o das bandeiras em cada munic\u00edpio ser\u00e1 tomada a partir de crit\u00e9rios de sa\u00fade e t\u00e9cnicos. Entre eles, est\u00e3o a queda do n\u00famero de casos de covid-19, queda na taxa de mortalidade e capacidade da rede hospitalar regional em atender pessoas diagnosticadas com a doen\u00e7a.<\/p>\n\n\n\n<p>\u201cEstamos apresentando o que n\u00f3s chamamos de plano gradual e respons\u00e1vel de retomada das atividades. N\u00e3o se trata de uma abertura geral, de todos os seguimentos. O plano \u00e9 um conjunto de eixos, crit\u00e9rios e par\u00e2metros que estabelecem aos munic\u00edpios o grau de cuidado que deve ser tomado para que as atividades possam voltar a funcionar. Por conta da a\u00e7\u00e3o que o governo empreendeu nos \u00faltimos meses, combatendo o avan\u00e7o da pandemia, temos tend\u00eancia de forma\u00e7\u00e3o de um plat\u00f4 (onde a curva de crescimento de casos fica estagnada). Temos hoje a menor taxa de letalidade do Nordeste, 2,2%. Ampliamos muito a testagem e temos teste suficientes para que a gente atinja 10% da popula\u00e7\u00e3o. Se precisarmos recuar, iremos recuar. O trabalho depende muito de todos os gestores municipais e da popula\u00e7\u00e3o\u201d, disse o governador.<\/p>\n\n\n\n<p>O plano ser\u00e1 dividido em quatro fases, cada uma de 14 dias, para que o Governo do Estado reavalie a situa\u00e7\u00e3o de cada munic\u00edpio. Com isso, a cada 14 dias cada munic\u00edpio poder\u00e1 avan\u00e7ar de fase, tendo mais servi\u00e7os flexibilizados, permanecer na fase atual ou regredir de fase de flexibiliza\u00e7\u00e3o, com ado\u00e7\u00e3o de medidas mais restritivas.<\/p>\n\n\n\n<p>Ainda segundo o governador, as rodovi\u00e1rias ser\u00e3o reabertas a partir de segunda e o transporte intermunicipal poder\u00e1 retomar as atividades, com 60% de capacidade e apenas passageiros sentados. Missas poder\u00e3o ocorrer com transmiss\u00e3o pela internet, drive-in ou nas igrejas e templos, com capacidade m\u00e1xima de 30% de ocupa\u00e7\u00e3o.<\/p>\n\n\n\n<p>Obras p\u00fablicas e particulares de constru\u00e7\u00e3o civil voltam a funcionar com a obrigatoriedade de seguir protocolo pr\u00f3prio de medidas de seguran\u00e7a da sa\u00fade. Aulas em escolas, faculdade e universidades p\u00fablicas e particulares, al\u00e9m do servi\u00e7o p\u00fablico presencial seguem suspensos.<\/p>\n","protected":false},"excerpt":{"rendered":"<p>A retomada das atividades econ\u00f4micas na Para\u00edba vai realmente come\u00e7ar a partir desta segunda-feira (15), conforme informou na noite desta sexta-feira (12) o governador Jo\u00e3o&hellip; <\/p>\n","protected":false},"author":2,"featured_media":173386,"comment_status":"closed","ping_status":"closed","sticky":false,"template":"","format":"standard","meta":{"sfsi_plus_gutenberg_text_before_share":"","sfsi_plus_gutenberg_show_text_before_share":"","sfsi_plus_gutenberg_icon_type":"","sfsi_plus_gutenberg_icon_alignemt":"","sfsi_plus_gutenburg_max_per_row":"","footnotes":""},"categories":[2],"tags":[],"class_list":["post-174046","post","type-post","status-publish","format-standard","has-post-thumbnail","hentry","category-geral"],"_links":{"self":[{"href":"https:\/\/www.caririemacao.com\/1\/wp-json\/wp\/v2\/posts\/174046","targetHints":{"allow":["GET"]}}],"collection":[{"href":"https:\/\/www.caririemacao.com\/1\/wp-json\/wp\/v2\/posts"}],"about":[{"href":"https:\/\/www.caririemacao.com\/1\/wp-json\/wp\/v2\/types\/post"}],"author":[{"embeddable":true,"href":"https:\/\/www.caririemacao.com\/1\/wp-json\/wp\/v2\/users\/2"}],"replies":[{"embeddable":true,"href":"https:\/\/www.caririemacao.com\/1\/wp-json\/wp\/v2\/comments?post=174046"}],"version-history":[{"count":1,"href":"https:\/\/www.caririemacao.com\/1\/wp-json\/wp\/v2\/posts\/174046\/revisions"}],"predecessor-version":[{"id":174047,"href":"https:\/\/www.caririemacao.com\/1\/wp-json\/wp\/v2\/posts\/174046\/revisions\/174047"}],"wp:featuredmedia":[{"embeddable":true,"href":"https:\/\/www.caririemacao.com\/1\/wp-json\/wp\/v2\/media\/173386"}],"wp:attachment":[{"href":"https:\/\/www.caririemacao.com\/1\/wp-json\/wp\/v2\/media?parent=174046"}],"wp:term":[{"taxonomy":"category","embeddable":true,"href":"https:\/\/www.caririemacao.com\/1\/wp-json\/wp\/v2\/categories?post=174046"},{"taxonomy":"post_tag","embeddable":true,"href":"https:\/\/www.caririemacao.com\/1\/wp-json\/wp\/v2\/tags?post=174046"}],"curies":[{"name":"wp","href":"https:\/\/api.w.org\/{rel}","templated":true}]}}