{"id":174049,"date":"2020-06-13T07:18:45","date_gmt":"2020-06-13T10:18:45","guid":{"rendered":"https:\/\/www.caririemacao.com\/1\/?p=174049"},"modified":"2020-06-13T07:18:45","modified_gmt":"2020-06-13T10:18:45","slug":"cinco-pessoas-da-mesma-familia-testam-positivo-para-o-covid-19-em-cabaceiras","status":"publish","type":"post","link":"https:\/\/www.caririemacao.com\/1\/2020\/06\/13\/cinco-pessoas-da-mesma-familia-testam-positivo-para-o-covid-19-em-cabaceiras\/","title":{"rendered":"Cinco pessoas da mesma fam\u00edlia testam positivo para o Covid-19 em Cabaceiras"},"content":{"rendered":"\n<h1 class=\"wp-block-heading\"><\/h1>\n\n\n\n<p>A Prefeitura de Cabaceiras, por meio da Secretaria de Sa\u00fade, confirmou nesta sexta-feira (12) cinco novos casos de coronav\u00edrus em integrantes de uma mesma fam\u00edlia, residente na zona rural do munic\u00edpio.<\/p>\n\n\n\n<p>A Secretaria de Sa\u00fade esteve no local e informou que os pacientes est\u00e3o em isolamento domiciliar com sintomas leves e receberam todas as orienta\u00e7\u00f5es para evitar o contagio da doen\u00e7a para outras pessoas.<\/p>\n\n\n\n<p>\u201cA nossa gest\u00e3o t\u00e1 buscando formas para proteger os cabaceirenses e pedimos para que voc\u00eas continuem em casa, em isolamento social, nos ajudando. A fam\u00edlia teve contato com pessoas de outro munic\u00edpio, pessoas que estavam infectadas e por isso contra\u00edram o v\u00edrus. Pedimos para que os cidad\u00e3os continuem em casa e sigam as orienta\u00e7\u00f5es dos \u00f3rg\u00e3os de sa\u00fade\u201d,&nbsp; expressou a secret\u00e1ria de Sa\u00fade, Nath\u00e1lia Castro.<\/p>\n\n\n\n<p>Com os novos casos, o boletim epidemiol\u00f3gico registra sete casos confirmados da doen\u00e7a e um recuperado.<\/p>\n","protected":false},"excerpt":{"rendered":"<p>A Prefeitura de Cabaceiras, por meio da Secretaria de Sa\u00fade, confirmou nesta sexta-feira (12) cinco novos casos de coronav\u00edrus em integrantes de uma mesma fam\u00edlia,&hellip; <\/p>\n","protected":false},"author":2,"featured_media":174050,"comment_status":"closed","ping_status":"closed","sticky":false,"template":"","format":"standard","meta":{"sfsi_plus_gutenberg_text_before_share":"","sfsi_plus_gutenberg_show_text_before_share":"","sfsi_plus_gutenberg_icon_type":"","sfsi_plus_gutenberg_icon_alignemt":"","sfsi_plus_gutenburg_max_per_row":"","footnotes":""},"categories":[2],"tags":[],"class_list":["post-174049","post","type-post","status-publish","format-standard","has-post-thumbnail","hentry","category-geral"],"_links":{"self":[{"href":"https:\/\/www.caririemacao.com\/1\/wp-json\/wp\/v2\/posts\/174049","targetHints":{"allow":["GET"]}}],"collection":[{"href":"https:\/\/www.caririemacao.com\/1\/wp-json\/wp\/v2\/posts"}],"about":[{"href":"https:\/\/www.caririemacao.com\/1\/wp-json\/wp\/v2\/types\/post"}],"author":[{"embeddable":true,"href":"https:\/\/www.caririemacao.com\/1\/wp-json\/wp\/v2\/users\/2"}],"replies":[{"embeddable":true,"href":"https:\/\/www.caririemacao.com\/1\/wp-json\/wp\/v2\/comments?post=174049"}],"version-history":[{"count":1,"href":"https:\/\/www.caririemacao.com\/1\/wp-json\/wp\/v2\/posts\/174049\/revisions"}],"predecessor-version":[{"id":174051,"href":"https:\/\/www.caririemacao.com\/1\/wp-json\/wp\/v2\/posts\/174049\/revisions\/174051"}],"wp:featuredmedia":[{"embeddable":true,"href":"https:\/\/www.caririemacao.com\/1\/wp-json\/wp\/v2\/media\/174050"}],"wp:attachment":[{"href":"https:\/\/www.caririemacao.com\/1\/wp-json\/wp\/v2\/media?parent=174049"}],"wp:term":[{"taxonomy":"category","embeddable":true,"href":"https:\/\/www.caririemacao.com\/1\/wp-json\/wp\/v2\/categories?post=174049"},{"taxonomy":"post_tag","embeddable":true,"href":"https:\/\/www.caririemacao.com\/1\/wp-json\/wp\/v2\/tags?post=174049"}],"curies":[{"name":"wp","href":"https:\/\/api.w.org\/{rel}","templated":true}]}}