{"id":174053,"date":"2020-06-13T07:20:36","date_gmt":"2020-06-13T10:20:36","guid":{"rendered":"https:\/\/www.caririemacao.com\/1\/?p=174053"},"modified":"2020-06-13T07:20:36","modified_gmt":"2020-06-13T10:20:36","slug":"casos-de-cura-evoluem-em-boa-vista-e-mais-de-40-pacientes-ja-estao-recuperados-da-covid-19","status":"publish","type":"post","link":"https:\/\/www.caririemacao.com\/1\/2020\/06\/13\/casos-de-cura-evoluem-em-boa-vista-e-mais-de-40-pacientes-ja-estao-recuperados-da-covid-19\/","title":{"rendered":"Casos de cura evoluem em Boa Vista e mais de 40 pacientes j\u00e1 est\u00e3o recuperados da Covid-19"},"content":{"rendered":"\n<h1 class=\"wp-block-heading\"><\/h1>\n\n\n\n<p>Ap\u00f3s apresentar um crescente n\u00famero de casos confirmados da Covid-19, o munic\u00edpio de Boa Vista passou a ter uma evolu\u00e7\u00e3o no n\u00famero casos de cura da doen\u00e7a. Em seu mais novo boletim epidemiol\u00f3gico divulgado nesta sexta-feira(12), a cidade de Boa Vista ultrapassou o n\u00famero de 40 casos de pacientes que est\u00e3o curados do novo v\u00edrus.<\/p>\n\n\n\n<p>Apos ser um dos munic\u00edpios da regi\u00e3o do Cariri paraibano com mais casos confirmados da Covid-19, finalmente Boa Vista vai aos poucos lutando contra o v\u00edrus e a cura de pacientes vem se tornando destaque na sa\u00fade do munic\u00edpio.<\/p>\n\n\n\n<p>Apesar de registrar um novo caso da doen\u00e7a nesta sexta, Boa Vista contabiliza 46 casos confirmados de coronav\u00edrus, s\u00f3 que 41 pacientes j\u00e1 receberam alta m\u00e9dica por parte da unidade municipal de sa\u00fade e est\u00e3o recuperados da doen\u00e7a. Cinco pacientes ainda se encontram em isolamento domiciliar e est\u00e3o sendo acompanhados pela secretaria municipal de sa\u00fade.<\/p>\n\n\n\n<p>A cidade de Boa Vista por parte da Prefeitura Municipal vem realizando grandes a\u00e7\u00f5es de enfrentamento ao combate ao coronav\u00edrus e ao mesmo tempo, pede que a popula\u00e7\u00e3o local continue mantendo as medidas de preven\u00e7\u00e3o e os cuidados necess\u00e1rios para que o v\u00edrus n\u00e3o prolifere no munic\u00edpio.<\/p>\n\n\n\n<div class=\"wp-block-image\"><figure class=\"aligncenter\"><img decoding=\"async\" data-src=\"http:\/\/deolhonocariri.com.br\/wp-content\/uploads\/2020\/06\/bv.jpg\" alt=\"\" class=\"wp-image-83792 lazyload\" src=\"data:image\/svg+xml;base64,PHN2ZyB3aWR0aD0iMSIgaGVpZ2h0PSIxIiB4bWxucz0iaHR0cDovL3d3dy53My5vcmcvMjAwMC9zdmciPjwvc3ZnPg==\" \/><\/figure><\/div>\n\n\n\n<p><strong>De Olho no Cariri<\/strong><\/p>\n","protected":false},"excerpt":{"rendered":"<p>Ap\u00f3s apresentar um crescente n\u00famero de casos confirmados da Covid-19, o munic\u00edpio de Boa Vista passou a ter uma evolu\u00e7\u00e3o no n\u00famero casos de cura&hellip; <\/p>\n","protected":false},"author":2,"featured_media":174054,"comment_status":"closed","ping_status":"closed","sticky":false,"template":"","format":"standard","meta":{"sfsi_plus_gutenberg_text_before_share":"","sfsi_plus_gutenberg_show_text_before_share":"","sfsi_plus_gutenberg_icon_type":"","sfsi_plus_gutenberg_icon_alignemt":"","sfsi_plus_gutenburg_max_per_row":"","footnotes":""},"categories":[2],"tags":[],"class_list":["post-174053","post","type-post","status-publish","format-standard","has-post-thumbnail","hentry","category-geral"],"_links":{"self":[{"href":"https:\/\/www.caririemacao.com\/1\/wp-json\/wp\/v2\/posts\/174053","targetHints":{"allow":["GET"]}}],"collection":[{"href":"https:\/\/www.caririemacao.com\/1\/wp-json\/wp\/v2\/posts"}],"about":[{"href":"https:\/\/www.caririemacao.com\/1\/wp-json\/wp\/v2\/types\/post"}],"author":[{"embeddable":true,"href":"https:\/\/www.caririemacao.com\/1\/wp-json\/wp\/v2\/users\/2"}],"replies":[{"embeddable":true,"href":"https:\/\/www.caririemacao.com\/1\/wp-json\/wp\/v2\/comments?post=174053"}],"version-history":[{"count":1,"href":"https:\/\/www.caririemacao.com\/1\/wp-json\/wp\/v2\/posts\/174053\/revisions"}],"predecessor-version":[{"id":174055,"href":"https:\/\/www.caririemacao.com\/1\/wp-json\/wp\/v2\/posts\/174053\/revisions\/174055"}],"wp:featuredmedia":[{"embeddable":true,"href":"https:\/\/www.caririemacao.com\/1\/wp-json\/wp\/v2\/media\/174054"}],"wp:attachment":[{"href":"https:\/\/www.caririemacao.com\/1\/wp-json\/wp\/v2\/media?parent=174053"}],"wp:term":[{"taxonomy":"category","embeddable":true,"href":"https:\/\/www.caririemacao.com\/1\/wp-json\/wp\/v2\/categories?post=174053"},{"taxonomy":"post_tag","embeddable":true,"href":"https:\/\/www.caririemacao.com\/1\/wp-json\/wp\/v2\/tags?post=174053"}],"curies":[{"name":"wp","href":"https:\/\/api.w.org\/{rel}","templated":true}]}}