{"id":174057,"date":"2020-06-13T07:24:42","date_gmt":"2020-06-13T10:24:42","guid":{"rendered":"https:\/\/www.caririemacao.com\/1\/?p=174057"},"modified":"2020-06-13T07:24:42","modified_gmt":"2020-06-13T10:24:42","slug":"prefeitura-de-sao-sebastiao-do-umbuzeiro-entrega-kits-para-os-idosos-do-scfv-com-mascaras-orientacoes-e-muito-amor","status":"publish","type":"post","link":"https:\/\/www.caririemacao.com\/1\/2020\/06\/13\/prefeitura-de-sao-sebastiao-do-umbuzeiro-entrega-kits-para-os-idosos-do-scfv-com-mascaras-orientacoes-e-muito-amor\/","title":{"rendered":"Prefeitura de S\u00e3o Sebasti\u00e3o do Umbuzeiro entrega kits para os idosos do SCFV com m\u00e1scaras, orienta\u00e7\u00f5es e muito amor"},"content":{"rendered":"\n<h3 class=\"wp-block-heading\"><\/h3>\n\n\n\n<p><a href=\"https:\/\/1.bp.blogspot.com\/-4-eQ5hwmZE0\/XuPfWtoBKhI\/AAAAAAAAINw\/7JuUSIr3qFkjCdGq3sKH7IzsZpjjshuNwCLcBGAsYHQ\/s1600\/11.jpg\"><\/a><\/p>\n\n\n\n<p>O grupo de idosos (MELHOR IDADE)do&nbsp;Servi\u00e7o de Conviv\u00eancia e Fortalecimento de V\u00ednculos&nbsp;&nbsp;de S\u00e3o Sebasti\u00e3o do Umbuzeiro recebeu um carinho especial por parte da administra\u00e7\u00e3o municipal esta semana.<br>A prefeitura municipal entregou em uma a\u00e7\u00e3o conjunta entre a secretaria de sa\u00fade e o SCFV, um kit contendo duas m\u00e1scaras para cada idoso, al\u00e9m de material completo de orienta\u00e7\u00e3o e dicas como as recomenda\u00e7\u00f5es de uso e a necessidade do isolamento social.<\/p>\n\n\n\n<figure class=\"wp-block-image\"><a href=\"https:\/\/1.bp.blogspot.com\/-hmt47EwIog0\/XuPfWj1bkyI\/AAAAAAAAIN0\/pbzPR_3bnxkNUDIcG5cg-DIyegJzneJEACLcBGAsYHQ\/s1600\/1.jpg\"><img decoding=\"async\" data-src=\"https:\/\/1.bp.blogspot.com\/-hmt47EwIog0\/XuPfWj1bkyI\/AAAAAAAAIN0\/pbzPR_3bnxkNUDIcG5cg-DIyegJzneJEACLcBGAsYHQ\/s320\/1.jpg\" alt=\"\" src=\"data:image\/svg+xml;base64,PHN2ZyB3aWR0aD0iMSIgaGVpZ2h0PSIxIiB4bWxucz0iaHR0cDovL3d3dy53My5vcmcvMjAwMC9zdmciPjwvc3ZnPg==\" class=\"lazyload\" \/><\/a><\/figure>\n\n\n\n<p>As m\u00e1scaras foram adquiridas pela gest\u00e3o municipal e sua confec\u00e7\u00e3o ficou por conta dos pr\u00f3prios monitores do SCFV, que prepararam as mesmas com carinho a aten\u00e7\u00e3o em cada detalhe.<br>Os kits foram entregues na residencia de cada idoso, que tamb\u00e9m recebeu atrav\u00e9s de uma bela a\u00e7\u00e3o simb\u00f3lica, um carinho especial atrav\u00e9s de um abra\u00e7o, que mesmo \u00e0 dist\u00e2ncia teve a import\u00e2ncia do amor demonstrada a todos os participantes.<br>F\u00c1BIO BRITO<\/p>\n","protected":false},"excerpt":{"rendered":"<p>O grupo de idosos (MELHOR IDADE)do&nbsp;Servi\u00e7o de Conviv\u00eancia e Fortalecimento de V\u00ednculos&nbsp;&nbsp;de S\u00e3o Sebasti\u00e3o do Umbuzeiro recebeu um carinho especial por parte da administra\u00e7\u00e3o municipal&hellip; <\/p>\n","protected":false},"author":2,"featured_media":174058,"comment_status":"closed","ping_status":"closed","sticky":false,"template":"","format":"standard","meta":{"sfsi_plus_gutenberg_text_before_share":"","sfsi_plus_gutenberg_show_text_before_share":"","sfsi_plus_gutenberg_icon_type":"","sfsi_plus_gutenberg_icon_alignemt":"","sfsi_plus_gutenburg_max_per_row":"","footnotes":""},"categories":[92],"tags":[],"class_list":["post-174057","post","type-post","status-publish","format-standard","has-post-thumbnail","hentry","category-sao-sebastiao-do-umbuzeiro"],"_links":{"self":[{"href":"https:\/\/www.caririemacao.com\/1\/wp-json\/wp\/v2\/posts\/174057","targetHints":{"allow":["GET"]}}],"collection":[{"href":"https:\/\/www.caririemacao.com\/1\/wp-json\/wp\/v2\/posts"}],"about":[{"href":"https:\/\/www.caririemacao.com\/1\/wp-json\/wp\/v2\/types\/post"}],"author":[{"embeddable":true,"href":"https:\/\/www.caririemacao.com\/1\/wp-json\/wp\/v2\/users\/2"}],"replies":[{"embeddable":true,"href":"https:\/\/www.caririemacao.com\/1\/wp-json\/wp\/v2\/comments?post=174057"}],"version-history":[{"count":1,"href":"https:\/\/www.caririemacao.com\/1\/wp-json\/wp\/v2\/posts\/174057\/revisions"}],"predecessor-version":[{"id":174059,"href":"https:\/\/www.caririemacao.com\/1\/wp-json\/wp\/v2\/posts\/174057\/revisions\/174059"}],"wp:featuredmedia":[{"embeddable":true,"href":"https:\/\/www.caririemacao.com\/1\/wp-json\/wp\/v2\/media\/174058"}],"wp:attachment":[{"href":"https:\/\/www.caririemacao.com\/1\/wp-json\/wp\/v2\/media?parent=174057"}],"wp:term":[{"taxonomy":"category","embeddable":true,"href":"https:\/\/www.caririemacao.com\/1\/wp-json\/wp\/v2\/categories?post=174057"},{"taxonomy":"post_tag","embeddable":true,"href":"https:\/\/www.caririemacao.com\/1\/wp-json\/wp\/v2\/tags?post=174057"}],"curies":[{"name":"wp","href":"https:\/\/api.w.org\/{rel}","templated":true}]}}