{"id":174061,"date":"2020-06-13T08:25:38","date_gmt":"2020-06-13T11:25:38","guid":{"rendered":"https:\/\/www.caririemacao.com\/1\/?p=174061"},"modified":"2020-06-13T08:25:38","modified_gmt":"2020-06-13T11:25:38","slug":"policia-militar-realiza-distribuicao-de-cestas-basicas-para-familias-carentes-na-regiao-do-cariri-paraibano","status":"publish","type":"post","link":"https:\/\/www.caririemacao.com\/1\/2020\/06\/13\/policia-militar-realiza-distribuicao-de-cestas-basicas-para-familias-carentes-na-regiao-do-cariri-paraibano\/","title":{"rendered":"Pol\u00edcia Militar realiza distribui\u00e7\u00e3o de cestas b\u00e1sicas para fam\u00edlias carentes na regi\u00e3o do Cariri paraibano"},"content":{"rendered":"\n<h1 class=\"wp-block-heading\"><\/h1>\n\n\n\n<div class=\"wp-block-image\"><figure class=\"aligncenter\"><img decoding=\"async\" data-src=\"http:\/\/deolhonocariri.com.br\/wp-content\/uploads\/2020\/06\/pm-2.png\" alt=\"\" class=\"wp-image-83785 lazyload\" src=\"data:image\/svg+xml;base64,PHN2ZyB3aWR0aD0iMSIgaGVpZ2h0PSIxIiB4bWxucz0iaHR0cDovL3d3dy53My5vcmcvMjAwMC9zdmciPjwvc3ZnPg==\" \/><\/figure><\/div>\n\n\n\n<p>Policiais Militares pertencentes ao 11\u00ba BPM realizaram na manh\u00e3 da sexta-feira (12) a doa\u00e7\u00e3o de alimentos e materiais de higiene, que foram arrecadados durante a\u00e7\u00f5es da Campanha \u201cSomos Solidariedade\u201d, que foi promovida pelo Governo do Estado da Para\u00edba, por meio de uma a\u00e7\u00e3o integrada da Secretaria de Estado do Desenvolvimento Humano (SEDH), Casa Militar, Pol\u00edcia Militar e Corpo de Bombeiros Militar, em parceria com a Arquidiocese da Para\u00edba.<\/p>\n\n\n\n<p>Toneladas de alimentos foram doados a fam\u00edlias em situa\u00e7\u00e3o de vulnerabilidade e como tamb\u00e9m, em casas de abrigos para idosos. Na regi\u00e3o do Cariri, os munic\u00edpios de Monteiro, Sum\u00e9 e Serra Branca foram contemplados com os donativos na qual foram entregues pelos pr\u00f3prios policias militares.<\/p>\n\n\n\n<div class=\"wp-block-image\"><figure class=\"aligncenter\"><img decoding=\"async\" data-src=\"http:\/\/deolhonocariri.com.br\/wp-content\/uploads\/2020\/06\/pm-1.png\" alt=\"\" class=\"wp-image-83784 lazyload\" src=\"data:image\/svg+xml;base64,PHN2ZyB3aWR0aD0iMSIgaGVpZ2h0PSIxIiB4bWxucz0iaHR0cDovL3d3dy53My5vcmcvMjAwMC9zdmciPjwvc3ZnPg==\" \/><\/figure><\/div>\n\n\n\n<div class=\"wp-block-image\"><figure class=\"aligncenter\"><img decoding=\"async\" data-src=\"http:\/\/deolhonocariri.com.br\/wp-content\/uploads\/2020\/06\/pm-3.png\" alt=\"\" class=\"wp-image-83786 lazyload\" src=\"data:image\/svg+xml;base64,PHN2ZyB3aWR0aD0iMSIgaGVpZ2h0PSIxIiB4bWxucz0iaHR0cDovL3d3dy53My5vcmcvMjAwMC9zdmciPjwvc3ZnPg==\" \/><\/figure><\/div>\n\n\n\n<p><strong>Em Monteiro:<\/strong>&nbsp;Foram contempladas fam\u00edlias carentes e em situa\u00e7\u00e3o de vulnerabilidade, residentes na Vila Santa Maria, Conjunto Mutir\u00e3o e fam\u00edlias acampadas no lix\u00e3o.<\/p>\n\n\n\n<p><strong>Em Sum\u00e9:<\/strong>&nbsp;As cestas foram entregues na Casa dos idosos Ros\u00e1lia Paulino.<\/p>\n\n\n\n<p><strong>Em Serra Branca:<\/strong>&nbsp;Os donativos foram entregues no Abrigo S\u00e3o Vicente de Paulo.<\/p>\n\n\n\n<p>As pessoas que desejam participar dessa corrente de solidariedade e amor ao pr\u00f3ximo \u00e9 s\u00f3 ligar para os mais de 50 pontos de arrecada\u00e7\u00e3o instalados pela PM para a Opera\u00e7\u00e3o \u2018Somos Solidariedade\u2019. Os telefones est\u00e3o dispon\u00edveis no site da Pol\u00edcia Militar, no link&nbsp;<a href=\"http:\/\/www.pm.pb.gov.br\/portal\/contatos\/\">http:\/\/www.pm.pb.gov.br\/portal\/contatos\/<\/a><\/p>\n\n\n\n<p><strong>De Olho no Cariri<\/strong><\/p>\n","protected":false},"excerpt":{"rendered":"<p>Policiais Militares pertencentes ao 11\u00ba BPM realizaram na manh\u00e3 da sexta-feira (12) a doa\u00e7\u00e3o de alimentos e materiais de higiene, que foram arrecadados durante a\u00e7\u00f5es&hellip; <\/p>\n","protected":false},"author":2,"featured_media":174062,"comment_status":"closed","ping_status":"closed","sticky":false,"template":"","format":"standard","meta":{"sfsi_plus_gutenberg_text_before_share":"","sfsi_plus_gutenberg_show_text_before_share":"","sfsi_plus_gutenberg_icon_type":"","sfsi_plus_gutenberg_icon_alignemt":"","sfsi_plus_gutenburg_max_per_row":"","footnotes":""},"categories":[12],"tags":[],"class_list":["post-174061","post","type-post","status-publish","format-standard","has-post-thumbnail","hentry","category-policia"],"_links":{"self":[{"href":"https:\/\/www.caririemacao.com\/1\/wp-json\/wp\/v2\/posts\/174061","targetHints":{"allow":["GET"]}}],"collection":[{"href":"https:\/\/www.caririemacao.com\/1\/wp-json\/wp\/v2\/posts"}],"about":[{"href":"https:\/\/www.caririemacao.com\/1\/wp-json\/wp\/v2\/types\/post"}],"author":[{"embeddable":true,"href":"https:\/\/www.caririemacao.com\/1\/wp-json\/wp\/v2\/users\/2"}],"replies":[{"embeddable":true,"href":"https:\/\/www.caririemacao.com\/1\/wp-json\/wp\/v2\/comments?post=174061"}],"version-history":[{"count":1,"href":"https:\/\/www.caririemacao.com\/1\/wp-json\/wp\/v2\/posts\/174061\/revisions"}],"predecessor-version":[{"id":174063,"href":"https:\/\/www.caririemacao.com\/1\/wp-json\/wp\/v2\/posts\/174061\/revisions\/174063"}],"wp:featuredmedia":[{"embeddable":true,"href":"https:\/\/www.caririemacao.com\/1\/wp-json\/wp\/v2\/media\/174062"}],"wp:attachment":[{"href":"https:\/\/www.caririemacao.com\/1\/wp-json\/wp\/v2\/media?parent=174061"}],"wp:term":[{"taxonomy":"category","embeddable":true,"href":"https:\/\/www.caririemacao.com\/1\/wp-json\/wp\/v2\/categories?post=174061"},{"taxonomy":"post_tag","embeddable":true,"href":"https:\/\/www.caririemacao.com\/1\/wp-json\/wp\/v2\/tags?post=174061"}],"curies":[{"name":"wp","href":"https:\/\/api.w.org\/{rel}","templated":true}]}}