{"id":174065,"date":"2020-06-13T08:27:34","date_gmt":"2020-06-13T11:27:34","guid":{"rendered":"https:\/\/www.caririemacao.com\/1\/?p=174065"},"modified":"2020-06-13T08:27:34","modified_gmt":"2020-06-13T11:27:34","slug":"coronavirus-como-saber-se-estou-curado-da-doenca","status":"publish","type":"post","link":"https:\/\/www.caririemacao.com\/1\/2020\/06\/13\/coronavirus-como-saber-se-estou-curado-da-doenca\/","title":{"rendered":"Coronav\u00edrus: como saber se estou curado da doen\u00e7a?"},"content":{"rendered":"\n<h1 class=\"wp-block-heading\"><\/h1>\n\n\n\n<p>Nas \u00faltimas semanas, as estat\u00edsticas da&nbsp;<strong>pandemia de Covid-19<\/strong>, a doen\u00e7a causada pelo&nbsp;<a href=\"https:\/\/saude.abril.com.br\/medicina\/remdesivir-promessa-coronavirus\/\"><strong>coronav\u00edrus<\/strong><\/a>&nbsp;(Sars-CoV-2), vem subindo em velocidade assustadora. Hoje, dia 5 de maio, s\u00e3o mais de 3,6 milh\u00f5es de infectados e 250 mil \u00f3bitos em todo o planeta. Em meio a esses dados, h\u00e1 outro fato que recebe pouca aten\u00e7\u00e3o:&nbsp;<strong>a quantidade de gente que sobreviveu ao problema<\/strong>.<\/p>\n\n\n\n<p>De acordo com os \u00faltimos n\u00fameros&nbsp;<a href=\"https:\/\/gisanddata.maps.arcgis.com\/apps\/opsdashboard\/index.html#\/bda7594740fd40299423467b48e9ecf6\">divulgados na plataforma criada pela Universidade Johns Hopkins<\/a>, nos Estados Unidos, j\u00e1 s\u00e3o 1 175 722 recuperados da Covid-19 no mundo. Isso significa que 32% de todos os casos sintom\u00e1ticos confirmados foram tratados e parecem estar livres dessa amea\u00e7a.<\/p>\n\n\n\n<p>Da\u00ed vem a pergunta: quando os especialistas consideram uma pessoa curada e livre do v\u00edrus? A infectologista Raquel Stucchi, da&nbsp;<a href=\"https:\/\/www.infectologia.org.br\/\">Sociedade Brasileira de Infectologia<\/a>, explica que h\u00e1 dois caminhos para responder a essa pergunta. O primeiro \u00e9 quando existem equipamentos laboratoriais dispon\u00edveis. \u201cSe o hospital possuir o exame que chamamos de RT-PCR, \u00e9 necess\u00e1rio que o paciente esteja 14 dias sem sintomas sugestivos e apresente dois resultados negativos nesse teste dentro de 24 horas\u201d, diz a m\u00e9dica.<\/p>\n","protected":false},"excerpt":{"rendered":"<p>Nas \u00faltimas semanas, as estat\u00edsticas da&nbsp;pandemia de Covid-19, a doen\u00e7a causada pelo&nbsp;coronav\u00edrus&nbsp;(Sars-CoV-2), vem subindo em velocidade assustadora. Hoje, dia 5 de maio, s\u00e3o mais de&hellip; <\/p>\n","protected":false},"author":2,"featured_media":174066,"comment_status":"closed","ping_status":"closed","sticky":false,"template":"","format":"standard","meta":{"sfsi_plus_gutenberg_text_before_share":"","sfsi_plus_gutenberg_show_text_before_share":"","sfsi_plus_gutenberg_icon_type":"","sfsi_plus_gutenberg_icon_alignemt":"","sfsi_plus_gutenburg_max_per_row":"","footnotes":""},"categories":[16],"tags":[],"class_list":["post-174065","post","type-post","status-publish","format-standard","has-post-thumbnail","hentry","category-saude"],"_links":{"self":[{"href":"https:\/\/www.caririemacao.com\/1\/wp-json\/wp\/v2\/posts\/174065","targetHints":{"allow":["GET"]}}],"collection":[{"href":"https:\/\/www.caririemacao.com\/1\/wp-json\/wp\/v2\/posts"}],"about":[{"href":"https:\/\/www.caririemacao.com\/1\/wp-json\/wp\/v2\/types\/post"}],"author":[{"embeddable":true,"href":"https:\/\/www.caririemacao.com\/1\/wp-json\/wp\/v2\/users\/2"}],"replies":[{"embeddable":true,"href":"https:\/\/www.caririemacao.com\/1\/wp-json\/wp\/v2\/comments?post=174065"}],"version-history":[{"count":1,"href":"https:\/\/www.caririemacao.com\/1\/wp-json\/wp\/v2\/posts\/174065\/revisions"}],"predecessor-version":[{"id":174067,"href":"https:\/\/www.caririemacao.com\/1\/wp-json\/wp\/v2\/posts\/174065\/revisions\/174067"}],"wp:featuredmedia":[{"embeddable":true,"href":"https:\/\/www.caririemacao.com\/1\/wp-json\/wp\/v2\/media\/174066"}],"wp:attachment":[{"href":"https:\/\/www.caririemacao.com\/1\/wp-json\/wp\/v2\/media?parent=174065"}],"wp:term":[{"taxonomy":"category","embeddable":true,"href":"https:\/\/www.caririemacao.com\/1\/wp-json\/wp\/v2\/categories?post=174065"},{"taxonomy":"post_tag","embeddable":true,"href":"https:\/\/www.caririemacao.com\/1\/wp-json\/wp\/v2\/tags?post=174065"}],"curies":[{"name":"wp","href":"https:\/\/api.w.org\/{rel}","templated":true}]}}