{"id":174069,"date":"2020-06-13T08:31:16","date_gmt":"2020-06-13T11:31:16","guid":{"rendered":"https:\/\/www.caririemacao.com\/1\/?p=174069"},"modified":"2020-06-13T08:31:16","modified_gmt":"2020-06-13T11:31:16","slug":"policia-civil-prende-acusado-de-furtar-ar-condicionados-de-ubs-em-monteiro","status":"publish","type":"post","link":"https:\/\/www.caririemacao.com\/1\/2020\/06\/13\/policia-civil-prende-acusado-de-furtar-ar-condicionados-de-ubs-em-monteiro\/","title":{"rendered":"Pol\u00edcia Civil prende acusado de furtar ar-condicionados de UBS em Monteiro"},"content":{"rendered":"\n<h1 class=\"wp-block-heading\"><\/h1>\n\n\n\n<p>A Pol\u00edcia Civil de Monteiro, prendeu na quinta-feira (11), um homem acusado de furtar uma Unidade B\u00e1sica de Sa\u00fade, no sitio Cacimbinha, zona rural de Monteiro.<\/p>\n\n\n\n<p>De acordo com informa\u00e7\u00f5es, os acusados levaram 4 ar-condicionados, um bebedouro al\u00e9m de diversos objetos da Unidade B\u00e1sica de Sa\u00fade.<\/p>\n\n\n\n<p>A pol\u00edcia ap\u00f3s investiga\u00e7\u00e3o prendeu um dos suspeitos que indicou o local onde estava os produtos roubados. A pol\u00edcia consegui recuperador 4 ar-condicionados e um bebedouro. Ainda de acordo com informa\u00e7\u00f5es, a pol\u00edcia tomou conhecimento que o segundo acusado de participar do furto a unidade de sa\u00fade havia sido morto na noite de quinta-feira.<\/p>\n\n\n\n<p>Ainda foi informado a reportagem que o homem acusado de roubar a unidade de sa\u00fade, preso pela pol\u00edcia na quinta-feira foi solto nesta sexta-feira (12), pela justi\u00e7a.<\/p>\n","protected":false},"excerpt":{"rendered":"<p>A Pol\u00edcia Civil de Monteiro, prendeu na quinta-feira (11), um homem acusado de furtar uma Unidade B\u00e1sica de Sa\u00fade, no sitio Cacimbinha, zona rural de&hellip; <\/p>\n","protected":false},"author":2,"featured_media":174070,"comment_status":"closed","ping_status":"closed","sticky":false,"template":"","format":"standard","meta":{"sfsi_plus_gutenberg_text_before_share":"","sfsi_plus_gutenberg_show_text_before_share":"","sfsi_plus_gutenberg_icon_type":"","sfsi_plus_gutenberg_icon_alignemt":"","sfsi_plus_gutenburg_max_per_row":"","footnotes":""},"categories":[12],"tags":[],"class_list":["post-174069","post","type-post","status-publish","format-standard","has-post-thumbnail","hentry","category-policia"],"_links":{"self":[{"href":"https:\/\/www.caririemacao.com\/1\/wp-json\/wp\/v2\/posts\/174069","targetHints":{"allow":["GET"]}}],"collection":[{"href":"https:\/\/www.caririemacao.com\/1\/wp-json\/wp\/v2\/posts"}],"about":[{"href":"https:\/\/www.caririemacao.com\/1\/wp-json\/wp\/v2\/types\/post"}],"author":[{"embeddable":true,"href":"https:\/\/www.caririemacao.com\/1\/wp-json\/wp\/v2\/users\/2"}],"replies":[{"embeddable":true,"href":"https:\/\/www.caririemacao.com\/1\/wp-json\/wp\/v2\/comments?post=174069"}],"version-history":[{"count":1,"href":"https:\/\/www.caririemacao.com\/1\/wp-json\/wp\/v2\/posts\/174069\/revisions"}],"predecessor-version":[{"id":174071,"href":"https:\/\/www.caririemacao.com\/1\/wp-json\/wp\/v2\/posts\/174069\/revisions\/174071"}],"wp:featuredmedia":[{"embeddable":true,"href":"https:\/\/www.caririemacao.com\/1\/wp-json\/wp\/v2\/media\/174070"}],"wp:attachment":[{"href":"https:\/\/www.caririemacao.com\/1\/wp-json\/wp\/v2\/media?parent=174069"}],"wp:term":[{"taxonomy":"category","embeddable":true,"href":"https:\/\/www.caririemacao.com\/1\/wp-json\/wp\/v2\/categories?post=174069"},{"taxonomy":"post_tag","embeddable":true,"href":"https:\/\/www.caririemacao.com\/1\/wp-json\/wp\/v2\/tags?post=174069"}],"curies":[{"name":"wp","href":"https:\/\/api.w.org\/{rel}","templated":true}]}}